{"id":9300,"date":"2022-12-12T10:06:08","date_gmt":"2022-12-12T09:06:08","guid":{"rendered":"https:\/\/www.eyesee-drone.com\/?p=9300"},"modified":"2023-12-12T11:00:11","modified_gmt":"2023-12-12T10:00:11","slug":"communique-de-presse-eyesee-boucle-une-levee-de-fonds-de-1-million-deuros","status":"publish","type":"post","link":"https:\/\/www.eyesee-drone.com\/fr\/communique-de-presse-eyesee-boucle-une-levee-de-fonds-de-1-million-deuros\/","title":{"rendered":"Communiqu\u00e9 de presse : Le drone logistique EYESEE boucle une lev\u00e9e de fonds de 1 million d&rsquo;euros"},"content":{"rendered":"\t\t<div data-elementor-type=\"wp-post\" data-elementor-id=\"9300\" class=\"elementor elementor-9300\" data-elementor-post-type=\"post\">\n\t\t\t\t\t\t<section class=\"elementor-section elementor-top-section elementor-element elementor-element-6ac2a0f elementor-section-boxed elementor-section-height-default elementor-section-height-default\" data-id=\"6ac2a0f\" data-element_type=\"section\" data-e-type=\"section\">\n\t\t\t\t\t\t<div class=\"elementor-container elementor-column-gap-default\">\n\t\t\t\t\t<div class=\"elementor-column elementor-col-100 elementor-top-column elementor-element elementor-element-a967377\" data-id=\"a967377\" data-element_type=\"column\" data-e-type=\"column\">\n\t\t\t<div class=\"elementor-widget-wrap elementor-element-populated\">\n\t\t\t\t\t\t<div class=\"elementor-element elementor-element-fc150e1 elementor-widget elementor-widget-text-editor\" data-id=\"fc150e1\" data-element_type=\"widget\" data-e-type=\"widget\" data-widget_type=\"text-editor.default\">\n\t\t\t\t<div class=\"elementor-widget-container\">\n\t\t\t\t\t\t\t\t\t<div class=\"page\" title=\"Page 1\"><div class=\"layoutArea\"><div class=\"column\"><p><strong>Grenoble, le 8 de\u0301cembre 2022 &#8211; La startup Darwin Drones qui de\u0301veloppe et commercialise le drone logistique Eyesee, vient de boucler une leve\u0301e de fonds de 1 million d\u2019euros et fait ainsi entrer a\u0300 son capital le Groupe Idec via sa filiale d\u2019investissement Team Invest Innovation, le Cre\u0301dit Agricole Alpes De\u0301veloppement, ainsi que des business angels.<\/strong><\/p><h3>Acce\u0301le\u0301rer la commercialisation du drone logistique en France et en Europe<\/h3><p>La startup est de\u0301sormais dote\u0301e des moyens ne\u0301cessaires pour le de\u0301ploiement commercial d\u2019Eyesee aupre\u0300s des sites logistiques &amp; industriels en France et a\u0300 l\u2019international. Apre\u0300s avoir se\u0301duit des premiers clients tels que L\u2019Ore\u0301al, Bayer, DB Schenker ou encore Leroy Logistique, qui ont adopte\u0301 l\u2019offre Eyesee de\u0300s son stade de prototype, Darwin Drones vise maintenant la mise en place d\u2019un re\u0301seau de distributeurs et inte\u0301grateurs dans ses principaux marche\u0301s cible\u0301s.<\/p><p>\u00ab <em>Cette leve\u0301e de fonds, conse\u0301cutive a\u0300 une premie\u0300re validation marche\u0301, confirme la pertinence du positionnement d\u2019Eyesee pour automatiser et fiabiliser les processus d\u2019inventaires des sites industriels et logistiques. Nous sommes ravis d\u2019accueillir de nouveaux actionnaires qui s\u2019engagent a\u0300 nos co\u0302te\u0301s. Cette leve\u0301e nous permet d\u2019aborder notre phase d\u2019acce\u0301le\u0301ration et d\u2019internationalisation avec se\u0301re\u0301nite\u0301 et de\u0301termination.<\/em> \u00bb, commente Eric Pierrel, pre\u0301sident de Darwin Drones.<\/p><p><strong>Une solution innovante \u00ab made in Grenoble \u00bb<\/strong><\/p><p>Eyesee est ne\u0301e en 2015 d\u2019une collaboration grenobloise combinant l\u2019ADN logistique d\u2019Hardis Group et l\u2019expertise drone industriel de Squadrone System. C\u2019est donc tout naturellement que Darwin Drones a cherche\u0301 a\u0300 re\u0301unir des investisseurs actifs sur le bassin grenoblois qui se sont associe\u0301s a\u0300 ce premier tour de table, en particulier le Cre\u0301dit Agricole Alpes De\u0301veloppement et Grenoble Angels.<\/p><p>\u00ab <em>Le projet Eyesee porte\u0301 par la socie\u0301te\u0301 Darwin Drones fait rayonner l\u2019expertise technologique et commerciale Grenobloise a\u0300 niveau national et commence son parcours international. Nous sommes ravis de pouvoir accompagner ce projet et surtout le management qui combine une capacite\u0301 d\u2019e\u0301coute avec une re\u0301activite\u0301 et un dynamisme notable<\/em> \u00bb, explique Rami Hassoun, investisseur en fonds propres chez Cre\u0301dit Agricole Alpes De\u0301veloppement.<\/p><p>\u00ab<em> Pour nous, soutenir un tel projet signifie que nous croyons au fort potentiel de de\u0301veloppement de la solution Eyesee de\u0301die\u0301e aux inventaires au sein des sites logistiques a\u0300 l\u2019aide d\u2019un drone autonome. Eyesee a e\u0301te\u0301 e\u0301prouve\u0301e depuis plus de 5 ans avec de nombreux clients de\u0301ja\u0300 utilisateurs de\u0301montrant des re\u0301sultats spectaculaires par rapport a\u0300 l\u2019utilisation de me\u0301thodes d\u2019inventaire traditionnelles. Darwin Drones est de\u0301termine\u0301 a\u0300 de\u0301ployer a\u0300 plus grande e\u0301chelle en France et a\u0300 l\u2019international cette solution disruptive pour le secteur de la logistique lequel est toujours en recherche de solutions innovantes et fiables et permettant d\u2019ame\u0301liorer la productivite\u0301. Enfin, Eyesee a e\u0301te\u0301 cre\u0301e\u0301 et de\u0301veloppe\u0301 dans le bassin grenoblois par des experts en logistique et en inge\u0301nierie du drone, c\u2019e\u0301tait important d\u2019accompagner ce projet dans cette phase de lancement commercial.<\/em> \u00bb, explique Jean-Yves Costa, instructeur du dossier et investisseur chez Grenoble Angels.<\/p><\/div><\/div><\/div><div class=\"page\" title=\"Page 2\"><div class=\"layoutArea\"><div class=\"column\"><h3>Des investisseurs apporteurs de synergies<\/h3><p>Le de\u0301veloppement de partenariats e\u0301tant un fort axe de croissance pour Darwin Drones, la re\u0301cente leve\u0301e de fonds constitue aussi une opportunite\u0301 de cre\u0301er des synergies. Ainsi, le Groupe Idec, un acteur majeur de l\u2019immobilier qui intervient sur les me\u0301tiers d\u2019ame\u0301nageur et promoteur, d\u2019investisseur, de concepteur-constructeur cle\u0301 en main et de cre\u0301ateur de solutions e\u0301nerge\u0301tiques, s\u2019associe au projet Eyesee pour en acce\u0301le\u0301rer l\u2019acce\u0300s au marche\u0301.<\/p><p>\u00ab <em>Notre prise de participation dans Eyesee est le fruit d\u2019une re\u0301flexion globale sur la ne\u0301cessite\u0301 de proposer des outils favorisant le de\u0301veloppement de l\u2019industrie et de la logistique 4.0<\/em> \u00bb, commente Patrice Lafargue, Pre\u0301sident du Groupe Idec. \u00ab <em>Nous sommes ravis de nous associer a\u0300 l\u2019e\u0301quipe de Darwin Drones et ses autres actionnaires, pour de\u0301velopper ce projet qui combine une vision innovante et une approche pragmatique pour renforcer la digitalisation des plateformes logistiques. Nous avons un incroyable portefeuille de projets avec les quelques 700 000 m2 d\u2019entrepo\u0302ts que nous re\u0301alisons chaque anne\u0301e et les pre\u0300s de 1 700 000 m2 constructibles partout en France pour donner un formidable e\u0301lan a\u0300 cette solution innovante<\/em> \u00bb.<\/p><\/div><\/div><\/div>\t\t\t\t\t\t\t\t<\/div>\n\t\t\t\t<\/div>\n\t\t\t\t<div class=\"elementor-element elementor-element-f36ce88 elementor-align-center elementor-widget elementor-widget-button\" data-id=\"f36ce88\" data-element_type=\"widget\" data-e-type=\"widget\" data-widget_type=\"button.default\">\n\t\t\t\t<div class=\"elementor-widget-container\">\n\t\t\t\t\t\t\t\t\t<div class=\"elementor-button-wrapper\">\n\t\t\t\t\t<a class=\"elementor-button elementor-button-link elementor-size-sm\" href=\"https:\/\/www.eyesee-drone.com\/wp-content\/uploads\/2022\/12\/CP-Levee-de-fonds-Darwin-Drones.pdf\" target=\"_blank\">\n\t\t\t\t\t\t<span class=\"elementor-button-content-wrapper\">\n\t\t\t\t\t\t\t\t\t<span class=\"elementor-button-text\">Cliquez ici pour t\u00e9l\u00e9charger le communiqu\u00e9 de presse<\/span>\n\t\t\t\t\t<\/span>\n\t\t\t\t\t<\/a>\n\t\t\t\t<\/div>\n\t\t\t\t\t\t\t\t<\/div>\n\t\t\t\t<\/div>\n\t\t\t\t<div class=\"elementor-element elementor-element-ae7b7e1 elementor-widget elementor-widget-spacer\" data-id=\"ae7b7e1\" data-element_type=\"widget\" data-e-type=\"widget\" data-widget_type=\"spacer.default\">\n\t\t\t\t<div class=\"elementor-widget-container\">\n\t\t\t\t\t\t\t<div class=\"elementor-spacer\">\n\t\t\t<div class=\"elementor-spacer-inner\"><\/div>\n\t\t<\/div>\n\t\t\t\t\t\t<\/div>\n\t\t\t\t<\/div>\n\t\t\t\t<div class=\"elementor-element elementor-element-bf070d1 elementor-widget elementor-widget-text-editor\" data-id=\"bf070d1\" data-element_type=\"widget\" data-e-type=\"widget\" data-widget_type=\"text-editor.default\">\n\t\t\t\t<div class=\"elementor-widget-container\">\n\t\t\t\t\t\t\t\t\t<p style=\"text-align: center;\"><strong>Merci \u00e0 la presse !<\/strong><\/p>\t\t\t\t\t\t\t\t<\/div>\n\t\t\t\t<\/div>\n\t\t\t\t\t<\/div>\n\t\t<\/div>\n\t\t\t\t\t<\/div>\n\t\t<\/section>\n\t\t\t\t<section class=\"elementor-section elementor-top-section elementor-element elementor-element-89ea483 elementor-section-boxed elementor-section-height-default elementor-section-height-default\" data-id=\"89ea483\" data-element_type=\"section\" data-e-type=\"section\">\n\t\t\t\t\t\t<div class=\"elementor-container elementor-column-gap-default\">\n\t\t\t\t\t<div class=\"elementor-column elementor-col-16 elementor-top-column elementor-element elementor-element-ab6216e\" data-id=\"ab6216e\" data-element_type=\"column\" data-e-type=\"column\">\n\t\t\t<div class=\"elementor-widget-wrap elementor-element-populated\">\n\t\t\t\t\t\t<div class=\"elementor-element elementor-element-e2e98c4 elementor-widget elementor-widget-image\" data-id=\"e2e98c4\" data-element_type=\"widget\" data-e-type=\"widget\" data-widget_type=\"image.default\">\n\t\t\t\t<div class=\"elementor-widget-container\">\n\t\t\t\t\t\t\t\t\t\t\t\t\t\t\t\t<a href=\"http:\/\/www.strategieslogistique.com\/Inventaire-par-drone-IDEC-entre-au,12844\">\n\t\t\t\t\t\t\t<img fetchpriority=\"high\" decoding=\"async\" width=\"715\" height=\"430\" src=\"https:\/\/www.eyesee-drone.com\/wp-content\/uploads\/2022\/12\/logo-strategies-logistique.jpeg\" class=\"attachment-large size-large wp-image-9572\" alt=\"\" srcset=\"https:\/\/www.eyesee-drone.com\/wp-content\/uploads\/2022\/12\/logo-strategies-logistique.jpeg 715w, https:\/\/www.eyesee-drone.com\/wp-content\/uploads\/2022\/12\/logo-strategies-logistique-300x180.jpeg 300w\" sizes=\"(max-width: 715px) 100vw, 715px\" \/>\t\t\t\t\t\t\t\t<\/a>\n\t\t\t\t\t\t\t\t\t\t\t\t\t\t\t<\/div>\n\t\t\t\t<\/div>\n\t\t\t\t\t<\/div>\n\t\t<\/div>\n\t\t\t\t<div class=\"elementor-column elementor-col-16 elementor-top-column elementor-element elementor-element-420e180\" data-id=\"420e180\" data-element_type=\"column\" data-e-type=\"column\">\n\t\t\t<div class=\"elementor-widget-wrap elementor-element-populated\">\n\t\t\t\t\t\t<div class=\"elementor-element elementor-element-49c0b70 elementor-widget elementor-widget-image\" data-id=\"49c0b70\" data-element_type=\"widget\" data-e-type=\"widget\" data-widget_type=\"image.default\">\n\t\t\t\t<div class=\"elementor-widget-container\">\n\t\t\t\t\t\t\t\t\t\t\t\t\t\t\t\t<a href=\"https:\/\/www.lessor38.fr\/grenoble-la-startup-darwin-drones-leve-1m-euro-117541.html\">\n\t\t\t\t\t\t\t<img decoding=\"async\" width=\"1024\" height=\"338\" src=\"https:\/\/www.eyesee-drone.com\/wp-content\/uploads\/2022\/12\/logo_2619-1024x338.jpg\" class=\"attachment-large size-large wp-image-9533\" alt=\"\" srcset=\"https:\/\/www.eyesee-drone.com\/wp-content\/uploads\/2022\/12\/logo_2619-1024x338.jpg 1024w, https:\/\/www.eyesee-drone.com\/wp-content\/uploads\/2022\/12\/logo_2619-300x99.jpg 300w, https:\/\/www.eyesee-drone.com\/wp-content\/uploads\/2022\/12\/logo_2619-768x253.jpg 768w, https:\/\/www.eyesee-drone.com\/wp-content\/uploads\/2022\/12\/logo_2619-1536x507.jpg 1536w, https:\/\/www.eyesee-drone.com\/wp-content\/uploads\/2022\/12\/logo_2619-2048x676.jpg 2048w\" sizes=\"(max-width: 1024px) 100vw, 1024px\" \/>\t\t\t\t\t\t\t\t<\/a>\n\t\t\t\t\t\t\t\t\t\t\t\t\t\t\t<\/div>\n\t\t\t\t<\/div>\n\t\t\t\t\t<\/div>\n\t\t<\/div>\n\t\t\t\t<div class=\"elementor-column elementor-col-16 elementor-top-column elementor-element elementor-element-7f127ab\" data-id=\"7f127ab\" data-element_type=\"column\" data-e-type=\"column\">\n\t\t\t<div class=\"elementor-widget-wrap elementor-element-populated\">\n\t\t\t\t\t\t<div class=\"elementor-element elementor-element-1707107 elementor-widget elementor-widget-image\" data-id=\"1707107\" data-element_type=\"widget\" data-e-type=\"widget\" data-widget_type=\"image.default\">\n\t\t\t\t<div class=\"elementor-widget-container\">\n\t\t\t\t\t\t\t\t\t\t\t\t\t\t\t\t<a href=\"https:\/\/www.leprogres.fr\/economie\/2022\/12\/09\/isere-darwin-drones-veut-decoller-avec-une-levee-d-1-m\">\n\t\t\t\t\t\t\t<img decoding=\"async\" width=\"1021\" height=\"228\" src=\"https:\/\/www.eyesee-drone.com\/wp-content\/uploads\/2022\/12\/le-progres-logo.jpg\" class=\"attachment-large size-large wp-image-9524\" alt=\"\" srcset=\"https:\/\/www.eyesee-drone.com\/wp-content\/uploads\/2022\/12\/le-progres-logo.jpg 1021w, https:\/\/www.eyesee-drone.com\/wp-content\/uploads\/2022\/12\/le-progres-logo-300x67.jpg 300w, https:\/\/www.eyesee-drone.com\/wp-content\/uploads\/2022\/12\/le-progres-logo-768x172.jpg 768w\" sizes=\"(max-width: 1021px) 100vw, 1021px\" \/>\t\t\t\t\t\t\t\t<\/a>\n\t\t\t\t\t\t\t\t\t\t\t\t\t\t\t<\/div>\n\t\t\t\t<\/div>\n\t\t\t\t\t<\/div>\n\t\t<\/div>\n\t\t\t\t<div class=\"elementor-column elementor-col-16 elementor-top-column elementor-element elementor-element-d130680\" data-id=\"d130680\" data-element_type=\"column\" data-e-type=\"column\">\n\t\t\t<div class=\"elementor-widget-wrap elementor-element-populated\">\n\t\t\t\t\t\t<div class=\"elementor-element elementor-element-2fa13a9 elementor-widget elementor-widget-image\" data-id=\"2fa13a9\" data-element_type=\"widget\" data-e-type=\"widget\" data-widget_type=\"image.default\">\n\t\t\t\t<div class=\"elementor-widget-container\">\n\t\t\t\t\t\t\t\t\t\t\t\t\t\t\t\t<a href=\"https:\/\/www.supplychainmagazine.fr\/nl\/2022\/3675\/darwin-drones-leve-1-m-et-accueille-le-groupe-idec-dans-son-capital-715252.php\">\n\t\t\t\t\t\t\t<img loading=\"lazy\" decoding=\"async\" width=\"446\" height=\"160\" src=\"https:\/\/www.eyesee-drone.com\/wp-content\/uploads\/2022\/12\/logo-supply-chain-magazine-e1671025364172.png\" class=\"attachment-large size-large wp-image-9530\" alt=\"\" srcset=\"https:\/\/www.eyesee-drone.com\/wp-content\/uploads\/2022\/12\/logo-supply-chain-magazine-e1671025364172.png 446w, https:\/\/www.eyesee-drone.com\/wp-content\/uploads\/2022\/12\/logo-supply-chain-magazine-e1671025364172-300x108.png 300w\" sizes=\"(max-width: 446px) 100vw, 446px\" \/>\t\t\t\t\t\t\t\t<\/a>\n\t\t\t\t\t\t\t\t\t\t\t\t\t\t\t<\/div>\n\t\t\t\t<\/div>\n\t\t\t\t<div class=\"elementor-element elementor-element-20cfbbb elementor-widget elementor-widget-spacer\" data-id=\"20cfbbb\" data-element_type=\"widget\" data-e-type=\"widget\" data-widget_type=\"spacer.default\">\n\t\t\t\t<div class=\"elementor-widget-container\">\n\t\t\t\t\t\t\t<div class=\"elementor-spacer\">\n\t\t\t<div class=\"elementor-spacer-inner\"><\/div>\n\t\t<\/div>\n\t\t\t\t\t\t<\/div>\n\t\t\t\t<\/div>\n\t\t\t\t\t<\/div>\n\t\t<\/div>\n\t\t\t\t<div class=\"elementor-column elementor-col-16 elementor-top-column elementor-element elementor-element-c63ab6d\" data-id=\"c63ab6d\" data-element_type=\"column\" data-e-type=\"column\">\n\t\t\t<div class=\"elementor-widget-wrap elementor-element-populated\">\n\t\t\t\t\t\t<div class=\"elementor-element elementor-element-d3b958f elementor-widget elementor-widget-image\" data-id=\"d3b958f\" data-element_type=\"widget\" data-e-type=\"widget\" data-widget_type=\"image.default\">\n\t\t\t\t<div class=\"elementor-widget-container\">\n\t\t\t\t\t\t\t\t\t\t\t\t\t\t\t\t<a href=\"https:\/\/www.lejournaldesentreprises.com\/auvergne-rhone-alpes\/breve\/darwin-drones-leve-un-million-deuros-pour-faire-decoller-sa-solution-dinventaire-eyesee-2050949\">\n\t\t\t\t\t\t\t<img loading=\"lazy\" decoding=\"async\" width=\"1024\" height=\"435\" src=\"https:\/\/www.eyesee-drone.com\/wp-content\/uploads\/2022\/12\/logo-le-journal-des-entreprises-1024x435.jpg\" class=\"attachment-large size-large wp-image-9528\" alt=\"\" srcset=\"https:\/\/www.eyesee-drone.com\/wp-content\/uploads\/2022\/12\/logo-le-journal-des-entreprises-1024x435.jpg 1024w, https:\/\/www.eyesee-drone.com\/wp-content\/uploads\/2022\/12\/logo-le-journal-des-entreprises-300x127.jpg 300w, https:\/\/www.eyesee-drone.com\/wp-content\/uploads\/2022\/12\/logo-le-journal-des-entreprises-768x326.jpg 768w, https:\/\/www.eyesee-drone.com\/wp-content\/uploads\/2022\/12\/logo-le-journal-des-entreprises-1536x652.jpg 1536w, https:\/\/www.eyesee-drone.com\/wp-content\/uploads\/2022\/12\/logo-le-journal-des-entreprises.jpg 1784w\" sizes=\"(max-width: 1024px) 100vw, 1024px\" \/>\t\t\t\t\t\t\t\t<\/a>\n\t\t\t\t\t\t\t\t\t\t\t\t\t\t\t<\/div>\n\t\t\t\t<\/div>\n\t\t\t\t\t<\/div>\n\t\t<\/div>\n\t\t\t\t<div class=\"elementor-column elementor-col-16 elementor-top-column elementor-element elementor-element-9c69051\" data-id=\"9c69051\" data-element_type=\"column\" data-e-type=\"column\">\n\t\t\t<div class=\"elementor-widget-wrap elementor-element-populated\">\n\t\t\t\t\t\t<div class=\"elementor-element elementor-element-5ef5717 elementor-widget elementor-widget-image\" data-id=\"5ef5717\" data-element_type=\"widget\" data-e-type=\"widget\" data-widget_type=\"image.default\">\n\t\t\t\t<div class=\"elementor-widget-container\">\n\t\t\t\t\t\t\t\t\t\t\t\t\t\t\t\t<a href=\"https:\/\/www.ledauphine.com\/economie\/2022\/12\/09\/isere-darwin-drones-veut-decoller-avec-une-levee-d-1-m\">\n\t\t\t\t\t\t\t<img loading=\"lazy\" decoding=\"async\" width=\"500\" height=\"200\" src=\"https:\/\/www.eyesee-drone.com\/wp-content\/uploads\/2022\/12\/logo-le-dauphine-libere.webp\" class=\"attachment-large size-large wp-image-9526\" alt=\"\" srcset=\"https:\/\/www.eyesee-drone.com\/wp-content\/uploads\/2022\/12\/logo-le-dauphine-libere.webp 500w, https:\/\/www.eyesee-drone.com\/wp-content\/uploads\/2022\/12\/logo-le-dauphine-libere-300x120.webp 300w\" sizes=\"(max-width: 500px) 100vw, 500px\" \/>\t\t\t\t\t\t\t\t<\/a>\n\t\t\t\t\t\t\t\t\t\t\t\t\t\t\t<\/div>\n\t\t\t\t<\/div>\n\t\t\t\t\t<\/div>\n\t\t<\/div>\n\t\t\t\t\t<\/div>\n\t\t<\/section>\n\t\t\t\t<section class=\"elementor-section elementor-top-section elementor-element elementor-element-32ac6de elementor-section-boxed elementor-section-height-default elementor-section-height-default\" data-id=\"32ac6de\" data-element_type=\"section\" data-e-type=\"section\">\n\t\t\t\t\t\t<div class=\"elementor-container elementor-column-gap-default\">\n\t\t\t\t\t<div class=\"elementor-column elementor-col-50 elementor-top-column elementor-element elementor-element-03eee3f\" data-id=\"03eee3f\" data-element_type=\"column\" data-e-type=\"column\">\n\t\t\t<div class=\"elementor-widget-wrap elementor-element-populated\">\n\t\t\t\t\t\t<div class=\"elementor-element elementor-element-2bbc7e9 elementor-widget elementor-widget-heading\" data-id=\"2bbc7e9\" data-element_type=\"widget\" data-e-type=\"widget\" data-widget_type=\"heading.default\">\n\t\t\t\t<div class=\"elementor-widget-container\">\n\t\t\t\t\t<h3 class=\"elementor-heading-title elementor-size-default\">\u00c0 propos de Darwin Drones<\/h3>\t\t\t\t<\/div>\n\t\t\t\t<\/div>\n\t\t\t\t<div class=\"elementor-element elementor-element-64dec9b elementor-widget elementor-widget-text-editor\" data-id=\"64dec9b\" data-element_type=\"widget\" data-e-type=\"widget\" data-widget_type=\"text-editor.default\">\n\t\t\t\t<div class=\"elementor-widget-container\">\n\t\t\t\t\t\t\t\t\t<div class=\"page\" title=\"Page 2\"><div class=\"layoutArea\"><div class=\"column\"><p>Cre\u0301e\u0301e en 2021, Darwin Drones est spe\u0301cialise\u0301e dans le de\u0301veloppement et la commercialisation de solutions d\u2019automatisation de la logistique industrielle, notamment par drone. Darwin Drones fournit e\u0301galement des prestations de services associe\u0301es a\u0300 cette activite\u0301. La socie\u0301te\u0301 est de\u0301die\u0301e a\u0300 la commercialisation, au support et au de\u0301veloppement logiciel de la solution Eyesee pour le marche\u0301 logistique.<\/p><p><strong>Contact presse<\/strong> : Nora NESSER \u2013 06.43.53.64.01 \u2013 nora.nesser@eyesee-drone.com<\/p><\/div><\/div><\/div>\t\t\t\t\t\t\t\t<\/div>\n\t\t\t\t<\/div>\n\t\t\t\t\t<\/div>\n\t\t<\/div>\n\t\t\t\t<div class=\"elementor-column elementor-col-50 elementor-top-column elementor-element elementor-element-eb93fbb\" data-id=\"eb93fbb\" data-element_type=\"column\" data-e-type=\"column\">\n\t\t\t<div class=\"elementor-widget-wrap elementor-element-populated\">\n\t\t\t\t\t\t<div class=\"elementor-element elementor-element-61e88fe elementor-widget elementor-widget-spacer\" data-id=\"61e88fe\" data-element_type=\"widget\" data-e-type=\"widget\" data-widget_type=\"spacer.default\">\n\t\t\t\t<div class=\"elementor-widget-container\">\n\t\t\t\t\t\t\t<div class=\"elementor-spacer\">\n\t\t\t<div class=\"elementor-spacer-inner\"><\/div>\n\t\t<\/div>\n\t\t\t\t\t\t<\/div>\n\t\t\t\t<\/div>\n\t\t\t\t<div class=\"elementor-element elementor-element-4732b0b elementor-widget elementor-widget-image\" data-id=\"4732b0b\" data-element_type=\"widget\" data-e-type=\"widget\" data-widget_type=\"image.default\">\n\t\t\t\t<div class=\"elementor-widget-container\">\n\t\t\t\t\t\t\t\t\t\t\t\t\t\t\t<img loading=\"lazy\" decoding=\"async\" width=\"620\" height=\"389\" src=\"https:\/\/www.eyesee-drone.com\/wp-content\/uploads\/2021\/07\/warehouse-drone-eyesee-inventory-by-drone.webp\" class=\"attachment-large size-large wp-image-911\" alt=\"Soci\u00e9t\u00e9 d&#039;inventaire - Nouveau drone Eyesee\" srcset=\"https:\/\/www.eyesee-drone.com\/wp-content\/uploads\/2021\/07\/warehouse-drone-eyesee-inventory-by-drone.webp 620w, https:\/\/www.eyesee-drone.com\/wp-content\/uploads\/2021\/07\/warehouse-drone-eyesee-inventory-by-drone-300x188.webp 300w\" sizes=\"(max-width: 620px) 100vw, 620px\" \/>\t\t\t\t\t\t\t\t\t\t\t\t\t\t\t<\/div>\n\t\t\t\t<\/div>\n\t\t\t\t\t<\/div>\n\t\t<\/div>\n\t\t\t\t\t<\/div>\n\t\t<\/section>\n\t\t\t\t<section class=\"elementor-section elementor-top-section elementor-element elementor-element-0c55de2 elementor-section-boxed elementor-section-height-default elementor-section-height-default\" data-id=\"0c55de2\" data-element_type=\"section\" data-e-type=\"section\">\n\t\t\t\t\t\t<div class=\"elementor-container elementor-column-gap-default\">\n\t\t\t\t\t<div class=\"elementor-column elementor-col-50 elementor-top-column elementor-element elementor-element-4874767\" data-id=\"4874767\" data-element_type=\"column\" data-e-type=\"column\">\n\t\t\t<div class=\"elementor-widget-wrap elementor-element-populated\">\n\t\t\t\t\t\t<div class=\"elementor-element elementor-element-980d9fb elementor-widget elementor-widget-heading\" data-id=\"980d9fb\" data-element_type=\"widget\" data-e-type=\"widget\" data-widget_type=\"heading.default\">\n\t\t\t\t<div class=\"elementor-widget-container\">\n\t\t\t\t\t<h3 class=\"elementor-heading-title elementor-size-default\">\u00c0 propos de Cr\u00e9dit Agricole Alpes D\u00e9veloppement<\/h3>\t\t\t\t<\/div>\n\t\t\t\t<\/div>\n\t\t\t\t<div class=\"elementor-element elementor-element-4a37793 elementor-widget elementor-widget-text-editor\" data-id=\"4a37793\" data-element_type=\"widget\" data-e-type=\"widget\" data-widget_type=\"text-editor.default\">\n\t\t\t\t<div class=\"elementor-widget-container\">\n\t\t\t\t\t\t\t\t\t<div class=\"page\" title=\"Page 2\"><div class=\"layoutArea\"><div class=\"column\"><div class=\"page\" title=\"Page 2\"><div class=\"layoutArea\"><div class=\"column\"><p>C2AD est l&rsquo;outil de capital investissement du Cre\u0301dit Agricole Sud Rho\u0302ne-Alpes et du Cre\u0301dit Agricole des Savoie. Il participe a\u0300 des ope\u0301rations de capital risque, capital innovation, capital de\u0301veloppement et capital transmission (startup PME ETI). C2AD ge\u0300re 100 M\u20ac, investis dans 180 socie\u0301te\u0301s.<\/p><p><a href=\"http:\/\/www.ca-alpes-developpement.fr\/\"><strong>www.ca-alpes-developpement.fr\/<\/strong><\/a><\/p><\/div><div class=\"page\" title=\"Page 3\"><div class=\"layoutArea\"><div class=\"column\"><p><strong>Contact presse<\/strong> : Rami HASSOUN &#8211; Investisseur en Fonds Propres &#8211; rami.hassoun@ca-alpes- developpement.fr<\/p><\/div><\/div><\/div><\/div><\/div><\/div><\/div><\/div>\t\t\t\t\t\t\t\t<\/div>\n\t\t\t\t<\/div>\n\t\t\t\t\t<\/div>\n\t\t<\/div>\n\t\t\t\t<div class=\"elementor-column elementor-col-50 elementor-top-column elementor-element elementor-element-62e06d6\" data-id=\"62e06d6\" data-element_type=\"column\" data-e-type=\"column\">\n\t\t\t<div class=\"elementor-widget-wrap elementor-element-populated\">\n\t\t\t\t\t\t<div class=\"elementor-element elementor-element-29ae5e0 elementor-widget elementor-widget-spacer\" data-id=\"29ae5e0\" data-element_type=\"widget\" data-e-type=\"widget\" data-widget_type=\"spacer.default\">\n\t\t\t\t<div class=\"elementor-widget-container\">\n\t\t\t\t\t\t\t<div class=\"elementor-spacer\">\n\t\t\t<div class=\"elementor-spacer-inner\"><\/div>\n\t\t<\/div>\n\t\t\t\t\t\t<\/div>\n\t\t\t\t<\/div>\n\t\t\t\t<div class=\"elementor-element elementor-element-6baf924 elementor-widget elementor-widget-image\" data-id=\"6baf924\" data-element_type=\"widget\" data-e-type=\"widget\" data-widget_type=\"image.default\">\n\t\t\t\t<div class=\"elementor-widget-container\">\n\t\t\t\t\t\t\t\t\t\t\t\t\t\t\t<img loading=\"lazy\" decoding=\"async\" width=\"328\" height=\"250\" src=\"https:\/\/www.eyesee-drone.com\/wp-content\/uploads\/2022\/12\/Logo-CA-ALPES-DEVELOPPEMENT_GRIS.png\" class=\"attachment-large size-large wp-image-9312\" alt=\"\" srcset=\"https:\/\/www.eyesee-drone.com\/wp-content\/uploads\/2022\/12\/Logo-CA-ALPES-DEVELOPPEMENT_GRIS.png 328w, https:\/\/www.eyesee-drone.com\/wp-content\/uploads\/2022\/12\/Logo-CA-ALPES-DEVELOPPEMENT_GRIS-300x229.png 300w\" sizes=\"(max-width: 328px) 100vw, 328px\" \/>\t\t\t\t\t\t\t\t\t\t\t\t\t\t\t<\/div>\n\t\t\t\t<\/div>\n\t\t\t\t\t<\/div>\n\t\t<\/div>\n\t\t\t\t\t<\/div>\n\t\t<\/section>\n\t\t\t\t<section class=\"elementor-section elementor-top-section elementor-element elementor-element-791deab elementor-section-boxed elementor-section-height-default elementor-section-height-default\" data-id=\"791deab\" data-element_type=\"section\" data-e-type=\"section\">\n\t\t\t\t\t\t<div class=\"elementor-container elementor-column-gap-default\">\n\t\t\t\t\t<div class=\"elementor-column elementor-col-50 elementor-top-column elementor-element elementor-element-b12e606\" data-id=\"b12e606\" data-element_type=\"column\" data-e-type=\"column\">\n\t\t\t<div class=\"elementor-widget-wrap elementor-element-populated\">\n\t\t\t\t\t\t<div class=\"elementor-element elementor-element-5741953 elementor-widget elementor-widget-heading\" data-id=\"5741953\" data-element_type=\"widget\" data-e-type=\"widget\" data-widget_type=\"heading.default\">\n\t\t\t\t<div class=\"elementor-widget-container\">\n\t\t\t\t\t<h3 class=\"elementor-heading-title elementor-size-default\">\u00c0 propos de Groupe Idec<\/h3>\t\t\t\t<\/div>\n\t\t\t\t<\/div>\n\t\t\t\t<div class=\"elementor-element elementor-element-e985201 elementor-widget elementor-widget-text-editor\" data-id=\"e985201\" data-element_type=\"widget\" data-e-type=\"widget\" data-widget_type=\"text-editor.default\">\n\t\t\t\t<div class=\"elementor-widget-container\">\n\t\t\t\t\t\t\t\t\t<div class=\"page\" title=\"Page 2\"><div class=\"layoutArea\"><div class=\"column\"><div class=\"page\" title=\"Page 2\"><div class=\"layoutArea\"><div class=\"column\"><div class=\"page\" title=\"Page 3\"><div class=\"layoutArea\"><div class=\"column\"><p>Acteur majeur de l\u2019immobilier re\u0301unissant plus d\u2019une vingtaine de socie\u0301te\u0301s expertes dans leurs domaines, le Groupe Idec intervient en France et a\u0300 l\u2019international pour ame\u0301nager, de\u0301velopper, financer, fournir des solutions e\u0301nerge\u0301tiques innovantes et concevoir et construire tous types de ba\u0302timents. Il se positionne en acteur responsable de la transition e\u0301nerge\u0301tique et de la limitation de l\u2019artificialisation des sols.<\/p><p>L\u2019entreprise aborde chaque nouvelle ope\u0301ration avec les collectivite\u0301s pour revitaliser les territoires en cre\u0301ant de nouveaux espaces de vie et de travail. Cet engagement se traduit par une volonte\u0301 de contribuer a\u0300 la croissance verte des villes, des entreprises et des particuliers tout en se conjuguant avec les enjeux d\u2019un de\u0301veloppement e\u0301conomique, durable, cohe\u0301rent et pragmatique.<\/p><ul><li><p>\u00a02000 Anne\u0301e de cre\u0301ation<\/p><\/li><li><p>487 Millions d\u2019euros de CA en 2021<\/p><\/li><li><p>550 collaborateurs en France + 700 dans le monde<\/p><\/li><li><p>3 millions de m2 certifie\u0301s<\/p><\/li><li><p>+ 1 000 Ha ame\u0301nage\u0301s ou en cours en France et a\u0300 l\u2019international<\/p><\/li><li><p>260 000 000 d\u2019euros d\u2019actifs immobiliers<\/p><\/li><li><p>700 000 m2 construits chaque anne\u0301e<\/p><\/li><li><p>+ de 20 parcs en France et a\u0300 l\u2019international<\/p><\/li><\/ul><\/div><\/div><div class=\"layoutArea\"><div class=\"column\"><p>Site web : <a href=\"https:\/\/www.groupeidec.com\/\" target=\"_blank\" rel=\"noopener\">https:\/\/www.groupeidec.com\/<\/a><br \/>Instagram : <a href=\"https:\/\/www.instagram.com\/groupe_idec\/\" target=\"_blank\" rel=\"noopener\">https:\/\/www.instagram.com\/groupe_idec\/<\/a><br \/>Facebook :\u00a0<a href=\"https:\/\/www.facebook.com\/groupeidec\/\" target=\"_blank\" rel=\"noopener\">https:\/\/www.facebook.com\/groupeidec\/<\/a><br \/>Linkedin :\u00a0<a href=\"https:\/\/www.linkedin.com\/company\/1842659\/\" target=\"_blank\" rel=\"noopener\">https:\/\/www.linkedin.com\/company\/1842659\/<\/a><br \/>Twitter : <a href=\"https:\/\/twitter.com\/groupeidec\" target=\"_blank\" rel=\"noopener\">https:\/\/twitter.com\/groupeidec<\/a><br \/>Youtube :\u00a0<a href=\"https:\/\/www.youtube.com\/user\/webmastergrid\" target=\"_blank\" rel=\"noopener\">https:\/\/www.youtube.com\/user\/webmastergrid<\/a><\/p><\/div><\/div><div class=\"layoutArea\"><div class=\"column\"><p><strong>Contact presse pour le Groupe Idec<\/strong> : Isabelle BIGOT &#8211; 06.16.06.91.23 \u2013 isabelle@calliope- event.com<\/p><\/div><\/div><\/div><\/div><\/div><\/div><\/div><\/div><\/div>\t\t\t\t\t\t\t\t<\/div>\n\t\t\t\t<\/div>\n\t\t\t\t\t<\/div>\n\t\t<\/div>\n\t\t\t\t<div class=\"elementor-column elementor-col-50 elementor-top-column elementor-element elementor-element-7a6acd8\" data-id=\"7a6acd8\" data-element_type=\"column\" data-e-type=\"column\">\n\t\t\t<div class=\"elementor-widget-wrap elementor-element-populated\">\n\t\t\t\t\t\t<div class=\"elementor-element elementor-element-466923a elementor-widget elementor-widget-spacer\" data-id=\"466923a\" data-element_type=\"widget\" data-e-type=\"widget\" data-widget_type=\"spacer.default\">\n\t\t\t\t<div class=\"elementor-widget-container\">\n\t\t\t\t\t\t\t<div class=\"elementor-spacer\">\n\t\t\t<div class=\"elementor-spacer-inner\"><\/div>\n\t\t<\/div>\n\t\t\t\t\t\t<\/div>\n\t\t\t\t<\/div>\n\t\t\t\t<div class=\"elementor-element elementor-element-4b9238e elementor-widget elementor-widget-image\" data-id=\"4b9238e\" data-element_type=\"widget\" data-e-type=\"widget\" data-widget_type=\"image.default\">\n\t\t\t\t<div class=\"elementor-widget-container\">\n\t\t\t\t\t\t\t\t\t\t\t\t\t\t\t<img loading=\"lazy\" decoding=\"async\" width=\"320\" height=\"140\" src=\"https:\/\/www.eyesee-drone.com\/wp-content\/uploads\/2022\/11\/Logo_Groupe_IDEC.png\" class=\"attachment-large size-large wp-image-8999\" alt=\"\" srcset=\"https:\/\/www.eyesee-drone.com\/wp-content\/uploads\/2022\/11\/Logo_Groupe_IDEC.png 320w, https:\/\/www.eyesee-drone.com\/wp-content\/uploads\/2022\/11\/Logo_Groupe_IDEC-300x131.png 300w\" sizes=\"(max-width: 320px) 100vw, 320px\" \/>\t\t\t\t\t\t\t\t\t\t\t\t\t\t\t<\/div>\n\t\t\t\t<\/div>\n\t\t\t\t\t<\/div>\n\t\t<\/div>\n\t\t\t\t\t<\/div>\n\t\t<\/section>\n\t\t\t\t<section class=\"elementor-section elementor-top-section elementor-element elementor-element-fdca789 elementor-section-boxed elementor-section-height-default elementor-section-height-default\" data-id=\"fdca789\" data-element_type=\"section\" data-e-type=\"section\">\n\t\t\t\t\t\t<div class=\"elementor-container elementor-column-gap-default\">\n\t\t\t\t\t<div class=\"elementor-column elementor-col-50 elementor-top-column elementor-element elementor-element-e23cd64\" data-id=\"e23cd64\" data-element_type=\"column\" data-e-type=\"column\">\n\t\t\t<div class=\"elementor-widget-wrap elementor-element-populated\">\n\t\t\t\t\t\t<div class=\"elementor-element elementor-element-3b1c8a4 elementor-widget elementor-widget-heading\" data-id=\"3b1c8a4\" data-element_type=\"widget\" data-e-type=\"widget\" data-widget_type=\"heading.default\">\n\t\t\t\t<div class=\"elementor-widget-container\">\n\t\t\t\t\t<h3 class=\"elementor-heading-title elementor-size-default\">\u00c0 propos de Grenoble Angels<\/h3>\t\t\t\t<\/div>\n\t\t\t\t<\/div>\n\t\t\t\t<div class=\"elementor-element elementor-element-fadfee4 elementor-widget elementor-widget-text-editor\" data-id=\"fadfee4\" data-element_type=\"widget\" data-e-type=\"widget\" data-widget_type=\"text-editor.default\">\n\t\t\t\t<div class=\"elementor-widget-container\">\n\t\t\t\t\t\t\t\t\t<div class=\"page\" title=\"Page 2\"><div class=\"layoutArea\"><div class=\"column\"><div class=\"page\" title=\"Page 2\"><div class=\"layoutArea\"><div class=\"column\"><div class=\"page\" title=\"Page 3\"><div class=\"layoutArea\"><div class=\"column\"><div class=\"page\" title=\"Page 3\"><div class=\"layoutArea\"><div class=\"column\"><p>Cre\u0301e\u0301e en 2005, Grenoble Angels est une association affilie\u0301e a\u0300 France Angels, la fe\u0301de\u0301ration nationale des Business Angels. Grenoble Angels fe\u0301de\u0300re une centaine d\u2019investisseurs de proximite\u0301 sur l\u2019ensemble du de\u0301partement ise\u0301rois, qui accompagnent et financent les start-up et les entreprises innovantes dans leur phase d\u2019amorc\u0327age.<\/p><p>Forte d\u2019une quinzaine d\u2019anne\u0301es d\u2019activite\u0301 et de plus de 200 projets finance\u0301s, Grenoble Angels s\u2019appuie sur son expe\u0301rience et l\u2019expertise de ses membres pour accompagner les entrepreneurs et les projets du territoire.<\/p><\/div><\/div><\/div><div class=\"page\" title=\"Page 4\"><div class=\"layoutArea\"><div class=\"column\"><p>La philosophie de Grenoble Angels s\u2019appuie sur les 3 C : le triple apport des Business Angels en Capital, Compe\u0301tences et Contacts.<\/p><p>Depuis 2005 c\u2019est :<br \/>\u2022 + de 1 000 dossiers instruits<br \/>\u2022 250 entreprises finance\u0301es<br \/>\u2022 25 millions d\u2019euros investis par les Business Angels<br \/>\u2022 200 dossiers rec\u0327us par an<br \/>\u2022 10 leve\u0301es de fonds accompagne\u0301es et finance\u0301es par an<\/p><p>Suivez notre actualite\u0301 :<br \/>Site web : <a href=\"https:\/\/www.grenoble-angels.com\/\" target=\"_blank\" rel=\"noopener\">https:\/\/www.grenoble-angels.com\/<\/a><br \/>LinkedIn : <a href=\"https:\/\/www.linkedin.com\/company\/grenobleangels\" target=\"_blank\" rel=\"noopener\">https:\/\/www.linkedin.com\/company\/grenobleangels<\/a> <br \/>Twitter : <a href=\"https:\/\/twitter.com\/grenobleangels\" target=\"_blank\" rel=\"noopener\">https:\/\/twitter.com\/grenobleangels<\/a><\/p><p><strong>Contact presse<\/strong> : Jonathan COLLOMB &#8211; de\u0301le\u0301gue\u0301 ge\u0301ne\u0301ral- 04 76 28 25 32 \u2013 contact@grenoble- angels.com<\/p><\/div><\/div><\/div><\/div><\/div><\/div><\/div><\/div><\/div><\/div><\/div><\/div>\t\t\t\t\t\t\t\t<\/div>\n\t\t\t\t<\/div>\n\t\t\t\t\t<\/div>\n\t\t<\/div>\n\t\t\t\t<div class=\"elementor-column elementor-col-50 elementor-top-column elementor-element elementor-element-ac16f8d\" data-id=\"ac16f8d\" data-element_type=\"column\" data-e-type=\"column\">\n\t\t\t<div class=\"elementor-widget-wrap elementor-element-populated\">\n\t\t\t\t\t\t<div class=\"elementor-element elementor-element-22e874e elementor-widget elementor-widget-spacer\" data-id=\"22e874e\" data-element_type=\"widget\" data-e-type=\"widget\" data-widget_type=\"spacer.default\">\n\t\t\t\t<div class=\"elementor-widget-container\">\n\t\t\t\t\t\t\t<div class=\"elementor-spacer\">\n\t\t\t<div class=\"elementor-spacer-inner\"><\/div>\n\t\t<\/div>\n\t\t\t\t\t\t<\/div>\n\t\t\t\t<\/div>\n\t\t\t\t<div class=\"elementor-element elementor-element-7c2721e elementor-widget elementor-widget-image\" data-id=\"7c2721e\" data-element_type=\"widget\" data-e-type=\"widget\" data-widget_type=\"image.default\">\n\t\t\t\t<div class=\"elementor-widget-container\">\n\t\t\t\t\t\t\t\t\t\t\t\t\t\t\t<img loading=\"lazy\" decoding=\"async\" width=\"321\" height=\"426\" src=\"https:\/\/www.eyesee-drone.com\/wp-content\/uploads\/2022\/11\/Logo_Grenoble_Angels.png\" class=\"attachment-large size-large wp-image-9001\" alt=\"\" srcset=\"https:\/\/www.eyesee-drone.com\/wp-content\/uploads\/2022\/11\/Logo_Grenoble_Angels.png 321w, https:\/\/www.eyesee-drone.com\/wp-content\/uploads\/2022\/11\/Logo_Grenoble_Angels-226x300.png 226w\" sizes=\"(max-width: 321px) 100vw, 321px\" \/>\t\t\t\t\t\t\t\t\t\t\t\t\t\t\t<\/div>\n\t\t\t\t<\/div>\n\t\t\t\t\t<\/div>\n\t\t<\/div>\n\t\t\t\t\t<\/div>\n\t\t<\/section>\n\t\t\t\t<\/div>\n\t\t","protected":false},"excerpt":{"rendered":"<p>Grenoble, le 8 de\u0301cembre 2022 &#8211; La startup Darwin Drones qui de\u0301veloppe et commercialise le drone logistique Eyesee, vient de boucler une leve\u0301e de fonds de 1 million d\u2019euros et fait ainsi entrer a\u0300 son capital le Groupe Idec via sa filiale d\u2019investissement Team Invest Innovation, le Cre\u0301dit Agricole Alpes De\u0301veloppement, ainsi que des business [&hellip;]<\/p>\n","protected":false},"author":3,"featured_media":9369,"comment_status":"closed","ping_status":"closed","sticky":false,"template":"","format":"standard","meta":{"_acf_changed":false,"_eb_attr":"","content-type":"","footnotes":""},"categories":[],"tags":[],"events":[],"class_list":["post-9300","post","type-post","status-publish","format-standard","has-post-thumbnail","hentry"],"acf":[],"yoast_head":"<!-- This site is optimized with the Yoast SEO plugin v27.0 - https:\/\/yoast.com\/product\/yoast-seo-wordpress\/ -->\n<title>Le drone logistique boucle une lev\u00e9e de fonds de 1 million d&#039;euros<\/title>\n<meta name=\"description\" content=\"La startup Darwin Drones qui de\u0301veloppe et commercialise le drone logistique Eyesee vient de boucler une leve\u0301e de fonds de 1 million d\u2019euros\" \/>\n<meta name=\"robots\" content=\"index, follow, max-snippet:-1, max-image-preview:large, max-video-preview:-1\" \/>\n<link rel=\"canonical\" href=\"https:\/\/www.eyesee-drone.com\/fr\/communique-de-presse-eyesee-boucle-une-levee-de-fonds-de-1-million-deuros\/\" \/>\n<meta property=\"og:locale\" content=\"fr_FR\" \/>\n<meta property=\"og:type\" content=\"article\" \/>\n<meta property=\"og:title\" content=\"Le drone logistique boucle une lev\u00e9e de fonds de 1 million d&#039;euros\" \/>\n<meta property=\"og:description\" content=\"La startup Darwin Drones qui de\u0301veloppe et commercialise le drone logistique Eyesee vient de boucler une leve\u0301e de fonds de 1 million d\u2019euros\" \/>\n<meta property=\"og:url\" content=\"https:\/\/www.eyesee-drone.com\/fr\/communique-de-presse-eyesee-boucle-une-levee-de-fonds-de-1-million-deuros\/\" \/>\n<meta property=\"og:site_name\" content=\"EYESEE\" \/>\n<meta property=\"article:published_time\" content=\"2022-12-12T09:06:08+00:00\" \/>\n<meta property=\"article:modified_time\" content=\"2023-12-12T10:00:11+00:00\" \/>\n<meta property=\"og:image\" content=\"https:\/\/www.eyesee-drone.com\/wp-content\/uploads\/2022\/12\/PHOTO-2022-04-07-12-29-37-2.jpg\" \/>\n\t<meta property=\"og:image:width\" content=\"2048\" \/>\n\t<meta property=\"og:image:height\" content=\"1152\" \/>\n\t<meta property=\"og:image:type\" content=\"image\/jpeg\" \/>\n<meta name=\"author\" content=\"nora\" \/>\n<meta name=\"twitter:card\" content=\"summary_large_image\" \/>\n<meta name=\"twitter:label1\" content=\"\u00c9crit par\" \/>\n\t<meta name=\"twitter:data1\" content=\"nora\" \/>\n\t<meta name=\"twitter:label2\" content=\"Dur\u00e9e de lecture estim\u00e9e\" \/>\n\t<meta name=\"twitter:data2\" content=\"8 minutes\" \/>\n<script type=\"application\/ld+json\" class=\"yoast-schema-graph\">{\"@context\":\"https:\/\/schema.org\",\"@graph\":[{\"@type\":\"Article\",\"@id\":\"https:\/\/www.eyesee-drone.com\/fr\/communique-de-presse-eyesee-boucle-une-levee-de-fonds-de-1-million-deuros\/#article\",\"isPartOf\":{\"@id\":\"https:\/\/www.eyesee-drone.com\/fr\/communique-de-presse-eyesee-boucle-une-levee-de-fonds-de-1-million-deuros\/\"},\"author\":{\"name\":\"nora\",\"@id\":\"https:\/\/www.eyesee-drone.com\/fr\/#\/schema\/person\/0a4b5bbad4cb28808857c05afff5741f\"},\"headline\":\"Communiqu\u00e9 de presse : Le drone logistique EYESEE boucle une lev\u00e9e de fonds de 1 million d&rsquo;euros\",\"datePublished\":\"2022-12-12T09:06:08+00:00\",\"dateModified\":\"2023-12-12T10:00:11+00:00\",\"mainEntityOfPage\":{\"@id\":\"https:\/\/www.eyesee-drone.com\/fr\/communique-de-presse-eyesee-boucle-une-levee-de-fonds-de-1-million-deuros\/\"},\"wordCount\":1378,\"publisher\":{\"@id\":\"https:\/\/www.eyesee-drone.com\/fr\/#organization\"},\"image\":{\"@id\":\"https:\/\/www.eyesee-drone.com\/fr\/communique-de-presse-eyesee-boucle-une-levee-de-fonds-de-1-million-deuros\/#primaryimage\"},\"thumbnailUrl\":\"https:\/\/www.eyesee-drone.com\/wp-content\/uploads\/2022\/12\/PHOTO-2022-04-07-12-29-37-2.jpg\",\"inLanguage\":\"fr-FR\"},{\"@type\":\"WebPage\",\"@id\":\"https:\/\/www.eyesee-drone.com\/fr\/communique-de-presse-eyesee-boucle-une-levee-de-fonds-de-1-million-deuros\/\",\"url\":\"https:\/\/www.eyesee-drone.com\/fr\/communique-de-presse-eyesee-boucle-une-levee-de-fonds-de-1-million-deuros\/\",\"name\":\"Le drone logistique boucle une lev\u00e9e de fonds de 1 million d'euros\",\"isPartOf\":{\"@id\":\"https:\/\/www.eyesee-drone.com\/fr\/#website\"},\"primaryImageOfPage\":{\"@id\":\"https:\/\/www.eyesee-drone.com\/fr\/communique-de-presse-eyesee-boucle-une-levee-de-fonds-de-1-million-deuros\/#primaryimage\"},\"image\":{\"@id\":\"https:\/\/www.eyesee-drone.com\/fr\/communique-de-presse-eyesee-boucle-une-levee-de-fonds-de-1-million-deuros\/#primaryimage\"},\"thumbnailUrl\":\"https:\/\/www.eyesee-drone.com\/wp-content\/uploads\/2022\/12\/PHOTO-2022-04-07-12-29-37-2.jpg\",\"datePublished\":\"2022-12-12T09:06:08+00:00\",\"dateModified\":\"2023-12-12T10:00:11+00:00\",\"description\":\"La startup Darwin Drones qui de\u0301veloppe et commercialise le drone logistique Eyesee vient de boucler une leve\u0301e de fonds de 1 million d\u2019euros\",\"breadcrumb\":{\"@id\":\"https:\/\/www.eyesee-drone.com\/fr\/communique-de-presse-eyesee-boucle-une-levee-de-fonds-de-1-million-deuros\/#breadcrumb\"},\"inLanguage\":\"fr-FR\",\"potentialAction\":[{\"@type\":\"ReadAction\",\"target\":[\"https:\/\/www.eyesee-drone.com\/fr\/communique-de-presse-eyesee-boucle-une-levee-de-fonds-de-1-million-deuros\/\"]}]},{\"@type\":\"ImageObject\",\"inLanguage\":\"fr-FR\",\"@id\":\"https:\/\/www.eyesee-drone.com\/fr\/communique-de-presse-eyesee-boucle-une-levee-de-fonds-de-1-million-deuros\/#primaryimage\",\"url\":\"https:\/\/www.eyesee-drone.com\/wp-content\/uploads\/2022\/12\/PHOTO-2022-04-07-12-29-37-2.jpg\",\"contentUrl\":\"https:\/\/www.eyesee-drone.com\/wp-content\/uploads\/2022\/12\/PHOTO-2022-04-07-12-29-37-2.jpg\",\"width\":2048,\"height\":1152},{\"@type\":\"BreadcrumbList\",\"@id\":\"https:\/\/www.eyesee-drone.com\/fr\/communique-de-presse-eyesee-boucle-une-levee-de-fonds-de-1-million-deuros\/#breadcrumb\",\"itemListElement\":[{\"@type\":\"ListItem\",\"position\":1,\"name\":\"Home\",\"item\":\"https:\/\/www.eyesee-drone.com\/fr\/\"},{\"@type\":\"ListItem\",\"position\":2,\"name\":\"Communiqu\u00e9 de presse : Le drone logistique EYESEE boucle une lev\u00e9e de fonds de 1 million d&#8217;euros\"}]},{\"@type\":\"WebSite\",\"@id\":\"https:\/\/www.eyesee-drone.com\/fr\/#website\",\"url\":\"https:\/\/www.eyesee-drone.com\/fr\/\",\"name\":\"EYESEE\",\"description\":\"Drone Solution for cycle count and wall-to-wall inventory\",\"publisher\":{\"@id\":\"https:\/\/www.eyesee-drone.com\/fr\/#organization\"},\"alternateName\":\"EYESEE Drone inventory solution for cycle counting and wall-to-wall inventory\",\"potentialAction\":[{\"@type\":\"SearchAction\",\"target\":{\"@type\":\"EntryPoint\",\"urlTemplate\":\"https:\/\/www.eyesee-drone.com\/fr\/?s={search_term_string}\"},\"query-input\":{\"@type\":\"PropertyValueSpecification\",\"valueRequired\":true,\"valueName\":\"search_term_string\"}}],\"inLanguage\":\"fr-FR\"},{\"@type\":\"Organization\",\"@id\":\"https:\/\/www.eyesee-drone.com\/fr\/#organization\",\"name\":\"EYESEE\",\"url\":\"https:\/\/www.eyesee-drone.com\/fr\/\",\"logo\":{\"@type\":\"ImageObject\",\"inLanguage\":\"fr-FR\",\"@id\":\"https:\/\/www.eyesee-drone.com\/fr\/#\/schema\/logo\/image\/\",\"url\":\"https:\/\/www.eyesee-drone.com\/wp-content\/uploads\/2021\/07\/logo-eyesee-warehouse-drone.webp\",\"contentUrl\":\"https:\/\/www.eyesee-drone.com\/wp-content\/uploads\/2021\/07\/logo-eyesee-warehouse-drone.webp\",\"caption\":\"EYESEE\"},\"image\":{\"@id\":\"https:\/\/www.eyesee-drone.com\/fr\/#\/schema\/logo\/image\/\"},\"sameAs\":[\"https:\/\/www.linkedin.com\/company\/eyesee-inventory-drone\"]},{\"@type\":\"Person\",\"@id\":\"https:\/\/www.eyesee-drone.com\/fr\/#\/schema\/person\/0a4b5bbad4cb28808857c05afff5741f\",\"name\":\"nora\",\"image\":{\"@type\":\"ImageObject\",\"inLanguage\":\"fr-FR\",\"@id\":\"https:\/\/www.eyesee-drone.com\/fr\/#\/schema\/person\/image\/\",\"url\":\"https:\/\/secure.gravatar.com\/avatar\/b93629aab997ea77067398934327301da505f275b2a765e39bb7563ef12e3d3b?s=96&d=mm&r=g\",\"contentUrl\":\"https:\/\/secure.gravatar.com\/avatar\/b93629aab997ea77067398934327301da505f275b2a765e39bb7563ef12e3d3b?s=96&d=mm&r=g\",\"caption\":\"nora\"},\"url\":\"https:\/\/www.eyesee-drone.com\/fr\/author\/nora\/\"}]}<\/script>\n<!-- \/ Yoast SEO plugin. -->","yoast_head_json":{"title":"Le drone logistique boucle une lev\u00e9e de fonds de 1 million d'euros","description":"La startup Darwin Drones qui de\u0301veloppe et commercialise le drone logistique Eyesee vient de boucler une leve\u0301e de fonds de 1 million d\u2019euros","robots":{"index":"index","follow":"follow","max-snippet":"max-snippet:-1","max-image-preview":"max-image-preview:large","max-video-preview":"max-video-preview:-1"},"canonical":"https:\/\/www.eyesee-drone.com\/fr\/communique-de-presse-eyesee-boucle-une-levee-de-fonds-de-1-million-deuros\/","og_locale":"fr_FR","og_type":"article","og_title":"Le drone logistique boucle une lev\u00e9e de fonds de 1 million d'euros","og_description":"La startup Darwin Drones qui de\u0301veloppe et commercialise le drone logistique Eyesee vient de boucler une leve\u0301e de fonds de 1 million d\u2019euros","og_url":"https:\/\/www.eyesee-drone.com\/fr\/communique-de-presse-eyesee-boucle-une-levee-de-fonds-de-1-million-deuros\/","og_site_name":"EYESEE","article_published_time":"2022-12-12T09:06:08+00:00","article_modified_time":"2023-12-12T10:00:11+00:00","og_image":[{"width":2048,"height":1152,"url":"https:\/\/www.eyesee-drone.com\/wp-content\/uploads\/2022\/12\/PHOTO-2022-04-07-12-29-37-2.jpg","type":"image\/jpeg"}],"author":"nora","twitter_card":"summary_large_image","twitter_misc":{"\u00c9crit par":"nora","Dur\u00e9e de lecture estim\u00e9e":"8 minutes"},"schema":{"@context":"https:\/\/schema.org","@graph":[{"@type":"Article","@id":"https:\/\/www.eyesee-drone.com\/fr\/communique-de-presse-eyesee-boucle-une-levee-de-fonds-de-1-million-deuros\/#article","isPartOf":{"@id":"https:\/\/www.eyesee-drone.com\/fr\/communique-de-presse-eyesee-boucle-une-levee-de-fonds-de-1-million-deuros\/"},"author":{"name":"nora","@id":"https:\/\/www.eyesee-drone.com\/fr\/#\/schema\/person\/0a4b5bbad4cb28808857c05afff5741f"},"headline":"Communiqu\u00e9 de presse : Le drone logistique EYESEE boucle une lev\u00e9e de fonds de 1 million d&rsquo;euros","datePublished":"2022-12-12T09:06:08+00:00","dateModified":"2023-12-12T10:00:11+00:00","mainEntityOfPage":{"@id":"https:\/\/www.eyesee-drone.com\/fr\/communique-de-presse-eyesee-boucle-une-levee-de-fonds-de-1-million-deuros\/"},"wordCount":1378,"publisher":{"@id":"https:\/\/www.eyesee-drone.com\/fr\/#organization"},"image":{"@id":"https:\/\/www.eyesee-drone.com\/fr\/communique-de-presse-eyesee-boucle-une-levee-de-fonds-de-1-million-deuros\/#primaryimage"},"thumbnailUrl":"https:\/\/www.eyesee-drone.com\/wp-content\/uploads\/2022\/12\/PHOTO-2022-04-07-12-29-37-2.jpg","inLanguage":"fr-FR"},{"@type":"WebPage","@id":"https:\/\/www.eyesee-drone.com\/fr\/communique-de-presse-eyesee-boucle-une-levee-de-fonds-de-1-million-deuros\/","url":"https:\/\/www.eyesee-drone.com\/fr\/communique-de-presse-eyesee-boucle-une-levee-de-fonds-de-1-million-deuros\/","name":"Le drone logistique boucle une lev\u00e9e de fonds de 1 million d'euros","isPartOf":{"@id":"https:\/\/www.eyesee-drone.com\/fr\/#website"},"primaryImageOfPage":{"@id":"https:\/\/www.eyesee-drone.com\/fr\/communique-de-presse-eyesee-boucle-une-levee-de-fonds-de-1-million-deuros\/#primaryimage"},"image":{"@id":"https:\/\/www.eyesee-drone.com\/fr\/communique-de-presse-eyesee-boucle-une-levee-de-fonds-de-1-million-deuros\/#primaryimage"},"thumbnailUrl":"https:\/\/www.eyesee-drone.com\/wp-content\/uploads\/2022\/12\/PHOTO-2022-04-07-12-29-37-2.jpg","datePublished":"2022-12-12T09:06:08+00:00","dateModified":"2023-12-12T10:00:11+00:00","description":"La startup Darwin Drones qui de\u0301veloppe et commercialise le drone logistique Eyesee vient de boucler une leve\u0301e de fonds de 1 million d\u2019euros","breadcrumb":{"@id":"https:\/\/www.eyesee-drone.com\/fr\/communique-de-presse-eyesee-boucle-une-levee-de-fonds-de-1-million-deuros\/#breadcrumb"},"inLanguage":"fr-FR","potentialAction":[{"@type":"ReadAction","target":["https:\/\/www.eyesee-drone.com\/fr\/communique-de-presse-eyesee-boucle-une-levee-de-fonds-de-1-million-deuros\/"]}]},{"@type":"ImageObject","inLanguage":"fr-FR","@id":"https:\/\/www.eyesee-drone.com\/fr\/communique-de-presse-eyesee-boucle-une-levee-de-fonds-de-1-million-deuros\/#primaryimage","url":"https:\/\/www.eyesee-drone.com\/wp-content\/uploads\/2022\/12\/PHOTO-2022-04-07-12-29-37-2.jpg","contentUrl":"https:\/\/www.eyesee-drone.com\/wp-content\/uploads\/2022\/12\/PHOTO-2022-04-07-12-29-37-2.jpg","width":2048,"height":1152},{"@type":"BreadcrumbList","@id":"https:\/\/www.eyesee-drone.com\/fr\/communique-de-presse-eyesee-boucle-une-levee-de-fonds-de-1-million-deuros\/#breadcrumb","itemListElement":[{"@type":"ListItem","position":1,"name":"Home","item":"https:\/\/www.eyesee-drone.com\/fr\/"},{"@type":"ListItem","position":2,"name":"Communiqu\u00e9 de presse : Le drone logistique EYESEE boucle une lev\u00e9e de fonds de 1 million d&#8217;euros"}]},{"@type":"WebSite","@id":"https:\/\/www.eyesee-drone.com\/fr\/#website","url":"https:\/\/www.eyesee-drone.com\/fr\/","name":"EYESEE","description":"Drone Solution for cycle count and wall-to-wall inventory","publisher":{"@id":"https:\/\/www.eyesee-drone.com\/fr\/#organization"},"alternateName":"EYESEE Drone inventory solution for cycle counting and wall-to-wall inventory","potentialAction":[{"@type":"SearchAction","target":{"@type":"EntryPoint","urlTemplate":"https:\/\/www.eyesee-drone.com\/fr\/?s={search_term_string}"},"query-input":{"@type":"PropertyValueSpecification","valueRequired":true,"valueName":"search_term_string"}}],"inLanguage":"fr-FR"},{"@type":"Organization","@id":"https:\/\/www.eyesee-drone.com\/fr\/#organization","name":"EYESEE","url":"https:\/\/www.eyesee-drone.com\/fr\/","logo":{"@type":"ImageObject","inLanguage":"fr-FR","@id":"https:\/\/www.eyesee-drone.com\/fr\/#\/schema\/logo\/image\/","url":"https:\/\/www.eyesee-drone.com\/wp-content\/uploads\/2021\/07\/logo-eyesee-warehouse-drone.webp","contentUrl":"https:\/\/www.eyesee-drone.com\/wp-content\/uploads\/2021\/07\/logo-eyesee-warehouse-drone.webp","caption":"EYESEE"},"image":{"@id":"https:\/\/www.eyesee-drone.com\/fr\/#\/schema\/logo\/image\/"},"sameAs":["https:\/\/www.linkedin.com\/company\/eyesee-inventory-drone"]},{"@type":"Person","@id":"https:\/\/www.eyesee-drone.com\/fr\/#\/schema\/person\/0a4b5bbad4cb28808857c05afff5741f","name":"nora","image":{"@type":"ImageObject","inLanguage":"fr-FR","@id":"https:\/\/www.eyesee-drone.com\/fr\/#\/schema\/person\/image\/","url":"https:\/\/secure.gravatar.com\/avatar\/b93629aab997ea77067398934327301da505f275b2a765e39bb7563ef12e3d3b?s=96&d=mm&r=g","contentUrl":"https:\/\/secure.gravatar.com\/avatar\/b93629aab997ea77067398934327301da505f275b2a765e39bb7563ef12e3d3b?s=96&d=mm&r=g","caption":"nora"},"url":"https:\/\/www.eyesee-drone.com\/fr\/author\/nora\/"}]}},"_links":{"self":[{"href":"https:\/\/www.eyesee-drone.com\/fr\/wp-json\/wp\/v2\/posts\/9300","targetHints":{"allow":["GET"]}}],"collection":[{"href":"https:\/\/www.eyesee-drone.com\/fr\/wp-json\/wp\/v2\/posts"}],"about":[{"href":"https:\/\/www.eyesee-drone.com\/fr\/wp-json\/wp\/v2\/types\/post"}],"author":[{"embeddable":true,"href":"https:\/\/www.eyesee-drone.com\/fr\/wp-json\/wp\/v2\/users\/3"}],"replies":[{"embeddable":true,"href":"https:\/\/www.eyesee-drone.com\/fr\/wp-json\/wp\/v2\/comments?post=9300"}],"version-history":[{"count":52,"href":"https:\/\/www.eyesee-drone.com\/fr\/wp-json\/wp\/v2\/posts\/9300\/revisions"}],"predecessor-version":[{"id":10844,"href":"https:\/\/www.eyesee-drone.com\/fr\/wp-json\/wp\/v2\/posts\/9300\/revisions\/10844"}],"wp:featuredmedia":[{"embeddable":true,"href":"https:\/\/www.eyesee-drone.com\/fr\/wp-json\/wp\/v2\/media\/9369"}],"wp:attachment":[{"href":"https:\/\/www.eyesee-drone.com\/fr\/wp-json\/wp\/v2\/media?parent=9300"}],"wp:term":[{"taxonomy":"category","embeddable":true,"href":"https:\/\/www.eyesee-drone.com\/fr\/wp-json\/wp\/v2\/categories?post=9300"},{"taxonomy":"post_tag","embeddable":true,"href":"https:\/\/www.eyesee-drone.com\/fr\/wp-json\/wp\/v2\/tags?post=9300"},{"taxonomy":"events","embeddable":true,"href":"https:\/\/www.eyesee-drone.com\/fr\/wp-json\/wp\/v2\/events?post=9300"}],"curies":[{"name":"wp","href":"https:\/\/api.w.org\/{rel}","templated":true}]}}