{"id":8598,"date":"2022-10-18T14:46:53","date_gmt":"2022-10-18T12:46:53","guid":{"rendered":"https:\/\/www.eyesee-drone.com\/?p=8598"},"modified":"2023-12-12T11:00:12","modified_gmt":"2023-12-12T10:00:12","slug":"roadshow-eyesee-a-l-aftral","status":"publish","type":"post","link":"https:\/\/www.eyesee-drone.com\/fr\/roadshow-eyesee-a-l-aftral\/","title":{"rendered":"Roadshow EYESEE x AFTRAL"},"content":{"rendered":"\t\t<div data-elementor-type=\"wp-post\" data-elementor-id=\"8598\" class=\"elementor elementor-8598\" data-elementor-post-type=\"post\">\n\t\t\t\t\t\t<section class=\"elementor-section elementor-top-section elementor-element elementor-element-2504050 elementor-section-boxed elementor-section-height-default elementor-section-height-default\" data-id=\"2504050\" data-element_type=\"section\" data-e-type=\"section\">\n\t\t\t\t\t\t<div class=\"elementor-container elementor-column-gap-default\">\n\t\t\t\t\t<div class=\"elementor-column elementor-col-100 elementor-top-column elementor-element elementor-element-295484d\" data-id=\"295484d\" data-element_type=\"column\" data-e-type=\"column\">\n\t\t\t<div class=\"elementor-widget-wrap elementor-element-populated\">\n\t\t\t\t\t\t<div class=\"elementor-element elementor-element-7931720 elementor-widget elementor-widget-text-editor\" data-id=\"7931720\" data-element_type=\"widget\" data-e-type=\"widget\" data-widget_type=\"text-editor.default\">\n\t\t\t\t<div class=\"elementor-widget-container\">\n\t\t\t\t\t\t\t\t\t<p><strong>D\u00e9couvrez en vid\u00e9o, la premi\u00e8re destination de notre roadshow EYESEE. <\/strong><\/p><p><strong><br \/><\/strong>Notre \u00e9quipe organise des d\u00e9monstrations de vol publiques au sein des <strong><a href=\"https:\/\/www.aftral.com\/\" target=\"_blank\" rel=\"noopener\">centres de formation AFTRAL<\/a>,<\/strong> \u00e0 travers toute la France.<\/p><p>L&rsquo;objectif est de montrer en fonctionnement notre solution d&rsquo;inventaire par drone automatique sur les racks de formation des \u00e9tudiants.<\/p><p>Pour ce tour de France sign\u00e9\u00a0<strong>EYESEE<\/strong>, la premi\u00e8re destination \u00e9tait \u00e9videmment\u00a0<strong>Grenoble<\/strong>.<\/p>\t\t\t\t\t\t\t\t<\/div>\n\t\t\t\t<\/div>\n\t\t\t\t\t<\/div>\n\t\t<\/div>\n\t\t\t\t\t<\/div>\n\t\t<\/section>\n\t\t\t\t<section class=\"elementor-section elementor-top-section elementor-element elementor-element-308d4d9 elementor-section-boxed elementor-section-height-default elementor-section-height-default\" data-id=\"308d4d9\" data-element_type=\"section\" data-e-type=\"section\">\n\t\t\t\t\t\t<div class=\"elementor-container elementor-column-gap-default\">\n\t\t\t\t\t<div class=\"elementor-column elementor-col-100 elementor-top-column elementor-element elementor-element-f5277d8\" data-id=\"f5277d8\" data-element_type=\"column\" data-e-type=\"column\">\n\t\t\t<div class=\"elementor-widget-wrap elementor-element-populated\">\n\t\t\t\t\t\t<div class=\"elementor-element elementor-element-894bf29 elementor-align-center elementor-widget elementor-widget-button\" data-id=\"894bf29\" data-element_type=\"widget\" data-e-type=\"widget\" data-widget_type=\"button.default\">\n\t\t\t\t<div class=\"elementor-widget-container\">\n\t\t\t\t\t\t\t\t\t<div class=\"elementor-button-wrapper\">\n\t\t\t\t\t<a class=\"elementor-button elementor-button-link elementor-size-md\" href=\"mailto:nora.nesser@eyesee-drone.com\">\n\t\t\t\t\t\t<span class=\"elementor-button-content-wrapper\">\n\t\t\t\t\t\t\t\t\t<span class=\"elementor-button-text\">En savoir plus et devenir ville \u00e9tape<\/span>\n\t\t\t\t\t<\/span>\n\t\t\t\t\t<\/a>\n\t\t\t\t<\/div>\n\t\t\t\t\t\t\t\t<\/div>\n\t\t\t\t<\/div>\n\t\t\t\t\t<\/div>\n\t\t<\/div>\n\t\t\t\t\t<\/div>\n\t\t<\/section>\n\t\t\t\t<section class=\"elementor-section elementor-top-section elementor-element elementor-element-4057e7d elementor-section-boxed elementor-section-height-default elementor-section-height-default\" data-id=\"4057e7d\" data-element_type=\"section\" data-e-type=\"section\">\n\t\t\t\t\t\t<div class=\"elementor-container elementor-column-gap-default\">\n\t\t\t\t\t<div class=\"elementor-column elementor-col-100 elementor-top-column elementor-element elementor-element-4c1e931\" data-id=\"4c1e931\" data-element_type=\"column\" data-e-type=\"column\">\n\t\t\t<div class=\"elementor-widget-wrap elementor-element-populated\">\n\t\t\t\t\t\t<div class=\"elementor-element elementor-element-37781a4 elementor-widget elementor-widget-text-editor\" data-id=\"37781a4\" data-element_type=\"widget\" data-e-type=\"widget\" data-widget_type=\"text-editor.default\">\n\t\t\t\t<div class=\"elementor-widget-container\">\n\t\t\t\t\t\t\t\t\t<p><strong style=\"color: var( --e-global-color-7943c3a ); font-family: var( --e-global-typography-text-font-family ), Sans-serif;\">Au programme :&nbsp;<\/strong><br><\/p>\n<ul>\n<li>Courte pr\u00e9sentation de la solution.<\/li>\n<li>D\u00e9monstration de vol au sein des racks int\u00e9rieurs d\u00e9di\u00e9s \u00e0 la formation.<\/li>\n<li>Questions\/r\u00e9ponses et \u00e9changes autour de la logistique.<\/li>\n<\/ul>\n<p>Nous remercions l&rsquo;AFTRAL Grenoble et en particulier <strong>J\u00e9rome Loosdregt<\/strong>, directeur du centre, de nous avoir accueilli et de nous avoir permis de r\u00e9aliser cette d\u00e9monstration.&nbsp;<\/p>\n<p style=\"text-align: center;\"><strong>Retour en vid\u00e9o&nbsp; <img decoding=\"async\" class=\"emoji\" role=\"img\" draggable=\"false\" src=\"https:\/\/s.w.org\/images\/core\/emoji\/14.0.0\/svg\/1f447.svg\" alt=\"\ud83d\udc47\"><\/strong><\/p>\t\t\t\t\t\t\t\t<\/div>\n\t\t\t\t<\/div>\n\t\t\t\t<div class=\"elementor-element elementor-element-16f5b30 elementor-widget elementor-widget-video\" data-id=\"16f5b30\" data-element_type=\"widget\" data-e-type=\"widget\" data-settings=\"{&quot;youtube_url&quot;:&quot;https:\\\/\\\/youtu.be\\\/cDbGiirGAsA&quot;,&quot;video_type&quot;:&quot;youtube&quot;,&quot;controls&quot;:&quot;yes&quot;}\" data-widget_type=\"video.default\">\n\t\t\t\t<div class=\"elementor-widget-container\">\n\t\t\t\t\t\t\t<div class=\"elementor-wrapper elementor-open-inline\">\n\t\t\t<div class=\"elementor-video\"><\/div>\t\t<\/div>\n\t\t\t\t\t\t<\/div>\n\t\t\t\t<\/div>\n\t\t\t\t\t<\/div>\n\t\t<\/div>\n\t\t\t\t\t<\/div>\n\t\t<\/section>\n\t\t\t\t<section class=\"elementor-section elementor-top-section elementor-element elementor-element-a0bad3d elementor-section-boxed elementor-section-height-default elementor-section-height-default\" data-id=\"a0bad3d\" data-element_type=\"section\" data-e-type=\"section\">\n\t\t\t\t\t\t<div class=\"elementor-container elementor-column-gap-default\">\n\t\t\t\t\t<div class=\"elementor-column elementor-col-100 elementor-top-column elementor-element elementor-element-d96b719\" data-id=\"d96b719\" data-element_type=\"column\" data-e-type=\"column\">\n\t\t\t<div class=\"elementor-widget-wrap elementor-element-populated\">\n\t\t\t\t\t\t<div class=\"elementor-element elementor-element-080c1a9 elementor-align-center elementor-widget elementor-widget-button\" data-id=\"080c1a9\" data-element_type=\"widget\" data-e-type=\"widget\" data-widget_type=\"button.default\">\n\t\t\t\t<div class=\"elementor-widget-container\">\n\t\t\t\t\t\t\t\t\t<div class=\"elementor-button-wrapper\">\n\t\t\t\t\t<a class=\"elementor-button elementor-button-link elementor-size-md\" href=\"mailto:nora.nesser@eyesee-drone.com\">\n\t\t\t\t\t\t<span class=\"elementor-button-content-wrapper\">\n\t\t\t\t\t\t\t\t\t<span class=\"elementor-button-text\">Devenez ville \u00e9tape du roadshow<\/span>\n\t\t\t\t\t<\/span>\n\t\t\t\t\t<\/a>\n\t\t\t\t<\/div>\n\t\t\t\t\t\t\t\t<\/div>\n\t\t\t\t<\/div>\n\t\t\t\t\t<\/div>\n\t\t<\/div>\n\t\t\t\t\t<\/div>\n\t\t<\/section>\n\t\t\t\t<\/div>\n\t\t","protected":false},"excerpt":{"rendered":"<p>D\u00e9couvrez en vid\u00e9o, la premi\u00e8re destination de notre roadshow EYESEE. Notre \u00e9quipe organise des d\u00e9monstrations de vol publiques au sein des centres de formation AFTRAL, \u00e0 travers toute la France. L&rsquo;objectif est de montrer en fonctionnement notre solution d&rsquo;inventaire par drone automatique sur les racks de formation des \u00e9tudiants. Pour ce tour de France sign\u00e9\u00a0EYESEE, [&hellip;]<\/p>\n","protected":false},"author":3,"featured_media":8603,"comment_status":"closed","ping_status":"closed","sticky":false,"template":"","format":"standard","meta":{"_acf_changed":false,"_eb_attr":"","content-type":"","footnotes":""},"categories":[],"tags":[],"events":[],"class_list":["post-8598","post","type-post","status-publish","format-standard","has-post-thumbnail","hentry"],"acf":[],"yoast_head":"<!-- This site is optimized with the Yoast SEO plugin v27.0 - https:\/\/yoast.com\/product\/yoast-seo-wordpress\/ -->\n<title>Roadshow EYESEE x AFTRAL - EYESEE<\/title>\n<meta name=\"description\" content=\"D\u00e9couvrez en vid\u00e9o notre d\u00e9monstration de vol lors de notre roadshow EYESEE \u00e0 l&#039;AFTRAL Grenoble. Devenez ville \u00e9tape du roadshow\" \/>\n<meta name=\"robots\" content=\"index, follow, max-snippet:-1, max-image-preview:large, max-video-preview:-1\" \/>\n<link rel=\"canonical\" href=\"https:\/\/www.eyesee-drone.com\/fr\/roadshow-eyesee-a-l-aftral\/\" \/>\n<meta property=\"og:locale\" content=\"fr_FR\" \/>\n<meta property=\"og:type\" content=\"article\" \/>\n<meta property=\"og:title\" content=\"Roadshow EYESEE x AFTRAL - EYESEE\" \/>\n<meta property=\"og:description\" content=\"D\u00e9couvrez en vid\u00e9o notre d\u00e9monstration de vol lors de notre roadshow EYESEE \u00e0 l&#039;AFTRAL Grenoble. Devenez ville \u00e9tape du roadshow\" \/>\n<meta property=\"og:url\" content=\"https:\/\/www.eyesee-drone.com\/fr\/roadshow-eyesee-a-l-aftral\/\" \/>\n<meta property=\"og:site_name\" content=\"EYESEE\" \/>\n<meta property=\"article:published_time\" content=\"2022-10-18T12:46:53+00:00\" \/>\n<meta property=\"article:modified_time\" content=\"2023-12-12T10:00:12+00:00\" \/>\n<meta property=\"og:image\" content=\"https:\/\/www.eyesee-drone.com\/wp-content\/uploads\/2022\/10\/IMG_3778.jpg\" \/>\n\t<meta property=\"og:image:width\" content=\"2400\" \/>\n\t<meta property=\"og:image:height\" content=\"1600\" \/>\n\t<meta property=\"og:image:type\" content=\"image\/jpeg\" \/>\n<meta name=\"author\" content=\"nora\" \/>\n<meta name=\"twitter:card\" content=\"summary_large_image\" \/>\n<meta name=\"twitter:label1\" content=\"\u00c9crit par\" \/>\n\t<meta name=\"twitter:data1\" content=\"nora\" \/>\n\t<meta name=\"twitter:label2\" content=\"Dur\u00e9e de lecture estim\u00e9e\" \/>\n\t<meta name=\"twitter:data2\" content=\"1 minute\" \/>\n<script type=\"application\/ld+json\" class=\"yoast-schema-graph\">{\"@context\":\"https:\/\/schema.org\",\"@graph\":[{\"@type\":\"Article\",\"@id\":\"https:\/\/www.eyesee-drone.com\/fr\/roadshow-eyesee-a-l-aftral\/#article\",\"isPartOf\":{\"@id\":\"https:\/\/www.eyesee-drone.com\/fr\/roadshow-eyesee-a-l-aftral\/\"},\"author\":{\"name\":\"nora\",\"@id\":\"https:\/\/www.eyesee-drone.com\/fr\/#\/schema\/person\/0a4b5bbad4cb28808857c05afff5741f\"},\"headline\":\"Roadshow EYESEE x AFTRAL\",\"datePublished\":\"2022-10-18T12:46:53+00:00\",\"dateModified\":\"2023-12-12T10:00:12+00:00\",\"mainEntityOfPage\":{\"@id\":\"https:\/\/www.eyesee-drone.com\/fr\/roadshow-eyesee-a-l-aftral\/\"},\"wordCount\":153,\"publisher\":{\"@id\":\"https:\/\/www.eyesee-drone.com\/fr\/#organization\"},\"image\":{\"@id\":\"https:\/\/www.eyesee-drone.com\/fr\/roadshow-eyesee-a-l-aftral\/#primaryimage\"},\"thumbnailUrl\":\"https:\/\/www.eyesee-drone.com\/wp-content\/uploads\/2022\/10\/IMG_3778.jpg\",\"inLanguage\":\"fr-FR\"},{\"@type\":\"WebPage\",\"@id\":\"https:\/\/www.eyesee-drone.com\/fr\/roadshow-eyesee-a-l-aftral\/\",\"url\":\"https:\/\/www.eyesee-drone.com\/fr\/roadshow-eyesee-a-l-aftral\/\",\"name\":\"Roadshow EYESEE x AFTRAL - EYESEE\",\"isPartOf\":{\"@id\":\"https:\/\/www.eyesee-drone.com\/fr\/#website\"},\"primaryImageOfPage\":{\"@id\":\"https:\/\/www.eyesee-drone.com\/fr\/roadshow-eyesee-a-l-aftral\/#primaryimage\"},\"image\":{\"@id\":\"https:\/\/www.eyesee-drone.com\/fr\/roadshow-eyesee-a-l-aftral\/#primaryimage\"},\"thumbnailUrl\":\"https:\/\/www.eyesee-drone.com\/wp-content\/uploads\/2022\/10\/IMG_3778.jpg\",\"datePublished\":\"2022-10-18T12:46:53+00:00\",\"dateModified\":\"2023-12-12T10:00:12+00:00\",\"description\":\"D\u00e9couvrez en vid\u00e9o notre d\u00e9monstration de vol lors de notre roadshow EYESEE \u00e0 l'AFTRAL Grenoble. Devenez ville \u00e9tape du roadshow\",\"breadcrumb\":{\"@id\":\"https:\/\/www.eyesee-drone.com\/fr\/roadshow-eyesee-a-l-aftral\/#breadcrumb\"},\"inLanguage\":\"fr-FR\",\"potentialAction\":[{\"@type\":\"ReadAction\",\"target\":[\"https:\/\/www.eyesee-drone.com\/fr\/roadshow-eyesee-a-l-aftral\/\"]}]},{\"@type\":\"ImageObject\",\"inLanguage\":\"fr-FR\",\"@id\":\"https:\/\/www.eyesee-drone.com\/fr\/roadshow-eyesee-a-l-aftral\/#primaryimage\",\"url\":\"https:\/\/www.eyesee-drone.com\/wp-content\/uploads\/2022\/10\/IMG_3778.jpg\",\"contentUrl\":\"https:\/\/www.eyesee-drone.com\/wp-content\/uploads\/2022\/10\/IMG_3778.jpg\",\"width\":2400,\"height\":1600,\"caption\":\"EYESEE en roadshow dans les centres AFTRAL\"},{\"@type\":\"BreadcrumbList\",\"@id\":\"https:\/\/www.eyesee-drone.com\/fr\/roadshow-eyesee-a-l-aftral\/#breadcrumb\",\"itemListElement\":[{\"@type\":\"ListItem\",\"position\":1,\"name\":\"Home\",\"item\":\"https:\/\/www.eyesee-drone.com\/fr\/\"},{\"@type\":\"ListItem\",\"position\":2,\"name\":\"Roadshow EYESEE x AFTRAL\"}]},{\"@type\":\"WebSite\",\"@id\":\"https:\/\/www.eyesee-drone.com\/fr\/#website\",\"url\":\"https:\/\/www.eyesee-drone.com\/fr\/\",\"name\":\"EYESEE\",\"description\":\"Drone Solution for cycle count and wall-to-wall inventory\",\"publisher\":{\"@id\":\"https:\/\/www.eyesee-drone.com\/fr\/#organization\"},\"alternateName\":\"EYESEE Drone inventory solution for cycle counting and wall-to-wall inventory\",\"potentialAction\":[{\"@type\":\"SearchAction\",\"target\":{\"@type\":\"EntryPoint\",\"urlTemplate\":\"https:\/\/www.eyesee-drone.com\/fr\/?s={search_term_string}\"},\"query-input\":{\"@type\":\"PropertyValueSpecification\",\"valueRequired\":true,\"valueName\":\"search_term_string\"}}],\"inLanguage\":\"fr-FR\"},{\"@type\":\"Organization\",\"@id\":\"https:\/\/www.eyesee-drone.com\/fr\/#organization\",\"name\":\"EYESEE\",\"url\":\"https:\/\/www.eyesee-drone.com\/fr\/\",\"logo\":{\"@type\":\"ImageObject\",\"inLanguage\":\"fr-FR\",\"@id\":\"https:\/\/www.eyesee-drone.com\/fr\/#\/schema\/logo\/image\/\",\"url\":\"https:\/\/www.eyesee-drone.com\/wp-content\/uploads\/2021\/07\/logo-eyesee-warehouse-drone.webp\",\"contentUrl\":\"https:\/\/www.eyesee-drone.com\/wp-content\/uploads\/2021\/07\/logo-eyesee-warehouse-drone.webp\",\"caption\":\"EYESEE\"},\"image\":{\"@id\":\"https:\/\/www.eyesee-drone.com\/fr\/#\/schema\/logo\/image\/\"},\"sameAs\":[\"https:\/\/www.linkedin.com\/company\/eyesee-inventory-drone\"]},{\"@type\":\"Person\",\"@id\":\"https:\/\/www.eyesee-drone.com\/fr\/#\/schema\/person\/0a4b5bbad4cb28808857c05afff5741f\",\"name\":\"nora\",\"image\":{\"@type\":\"ImageObject\",\"inLanguage\":\"fr-FR\",\"@id\":\"https:\/\/www.eyesee-drone.com\/fr\/#\/schema\/person\/image\/\",\"url\":\"https:\/\/secure.gravatar.com\/avatar\/b93629aab997ea77067398934327301da505f275b2a765e39bb7563ef12e3d3b?s=96&d=mm&r=g\",\"contentUrl\":\"https:\/\/secure.gravatar.com\/avatar\/b93629aab997ea77067398934327301da505f275b2a765e39bb7563ef12e3d3b?s=96&d=mm&r=g\",\"caption\":\"nora\"},\"url\":\"https:\/\/www.eyesee-drone.com\/fr\/author\/nora\/\"}]}<\/script>\n<!-- \/ Yoast SEO plugin. -->","yoast_head_json":{"title":"Roadshow EYESEE x AFTRAL - EYESEE","description":"D\u00e9couvrez en vid\u00e9o notre d\u00e9monstration de vol lors de notre roadshow EYESEE \u00e0 l'AFTRAL Grenoble. Devenez ville \u00e9tape du roadshow","robots":{"index":"index","follow":"follow","max-snippet":"max-snippet:-1","max-image-preview":"max-image-preview:large","max-video-preview":"max-video-preview:-1"},"canonical":"https:\/\/www.eyesee-drone.com\/fr\/roadshow-eyesee-a-l-aftral\/","og_locale":"fr_FR","og_type":"article","og_title":"Roadshow EYESEE x AFTRAL - EYESEE","og_description":"D\u00e9couvrez en vid\u00e9o notre d\u00e9monstration de vol lors de notre roadshow EYESEE \u00e0 l'AFTRAL Grenoble. Devenez ville \u00e9tape du roadshow","og_url":"https:\/\/www.eyesee-drone.com\/fr\/roadshow-eyesee-a-l-aftral\/","og_site_name":"EYESEE","article_published_time":"2022-10-18T12:46:53+00:00","article_modified_time":"2023-12-12T10:00:12+00:00","og_image":[{"width":2400,"height":1600,"url":"https:\/\/www.eyesee-drone.com\/wp-content\/uploads\/2022\/10\/IMG_3778.jpg","type":"image\/jpeg"}],"author":"nora","twitter_card":"summary_large_image","twitter_misc":{"\u00c9crit par":"nora","Dur\u00e9e de lecture estim\u00e9e":"1 minute"},"schema":{"@context":"https:\/\/schema.org","@graph":[{"@type":"Article","@id":"https:\/\/www.eyesee-drone.com\/fr\/roadshow-eyesee-a-l-aftral\/#article","isPartOf":{"@id":"https:\/\/www.eyesee-drone.com\/fr\/roadshow-eyesee-a-l-aftral\/"},"author":{"name":"nora","@id":"https:\/\/www.eyesee-drone.com\/fr\/#\/schema\/person\/0a4b5bbad4cb28808857c05afff5741f"},"headline":"Roadshow EYESEE x AFTRAL","datePublished":"2022-10-18T12:46:53+00:00","dateModified":"2023-12-12T10:00:12+00:00","mainEntityOfPage":{"@id":"https:\/\/www.eyesee-drone.com\/fr\/roadshow-eyesee-a-l-aftral\/"},"wordCount":153,"publisher":{"@id":"https:\/\/www.eyesee-drone.com\/fr\/#organization"},"image":{"@id":"https:\/\/www.eyesee-drone.com\/fr\/roadshow-eyesee-a-l-aftral\/#primaryimage"},"thumbnailUrl":"https:\/\/www.eyesee-drone.com\/wp-content\/uploads\/2022\/10\/IMG_3778.jpg","inLanguage":"fr-FR"},{"@type":"WebPage","@id":"https:\/\/www.eyesee-drone.com\/fr\/roadshow-eyesee-a-l-aftral\/","url":"https:\/\/www.eyesee-drone.com\/fr\/roadshow-eyesee-a-l-aftral\/","name":"Roadshow EYESEE x AFTRAL - EYESEE","isPartOf":{"@id":"https:\/\/www.eyesee-drone.com\/fr\/#website"},"primaryImageOfPage":{"@id":"https:\/\/www.eyesee-drone.com\/fr\/roadshow-eyesee-a-l-aftral\/#primaryimage"},"image":{"@id":"https:\/\/www.eyesee-drone.com\/fr\/roadshow-eyesee-a-l-aftral\/#primaryimage"},"thumbnailUrl":"https:\/\/www.eyesee-drone.com\/wp-content\/uploads\/2022\/10\/IMG_3778.jpg","datePublished":"2022-10-18T12:46:53+00:00","dateModified":"2023-12-12T10:00:12+00:00","description":"D\u00e9couvrez en vid\u00e9o notre d\u00e9monstration de vol lors de notre roadshow EYESEE \u00e0 l'AFTRAL Grenoble. Devenez ville \u00e9tape du roadshow","breadcrumb":{"@id":"https:\/\/www.eyesee-drone.com\/fr\/roadshow-eyesee-a-l-aftral\/#breadcrumb"},"inLanguage":"fr-FR","potentialAction":[{"@type":"ReadAction","target":["https:\/\/www.eyesee-drone.com\/fr\/roadshow-eyesee-a-l-aftral\/"]}]},{"@type":"ImageObject","inLanguage":"fr-FR","@id":"https:\/\/www.eyesee-drone.com\/fr\/roadshow-eyesee-a-l-aftral\/#primaryimage","url":"https:\/\/www.eyesee-drone.com\/wp-content\/uploads\/2022\/10\/IMG_3778.jpg","contentUrl":"https:\/\/www.eyesee-drone.com\/wp-content\/uploads\/2022\/10\/IMG_3778.jpg","width":2400,"height":1600,"caption":"EYESEE en roadshow dans les centres AFTRAL"},{"@type":"BreadcrumbList","@id":"https:\/\/www.eyesee-drone.com\/fr\/roadshow-eyesee-a-l-aftral\/#breadcrumb","itemListElement":[{"@type":"ListItem","position":1,"name":"Home","item":"https:\/\/www.eyesee-drone.com\/fr\/"},{"@type":"ListItem","position":2,"name":"Roadshow EYESEE x AFTRAL"}]},{"@type":"WebSite","@id":"https:\/\/www.eyesee-drone.com\/fr\/#website","url":"https:\/\/www.eyesee-drone.com\/fr\/","name":"EYESEE","description":"Drone Solution for cycle count and wall-to-wall inventory","publisher":{"@id":"https:\/\/www.eyesee-drone.com\/fr\/#organization"},"alternateName":"EYESEE Drone inventory solution for cycle counting and wall-to-wall inventory","potentialAction":[{"@type":"SearchAction","target":{"@type":"EntryPoint","urlTemplate":"https:\/\/www.eyesee-drone.com\/fr\/?s={search_term_string}"},"query-input":{"@type":"PropertyValueSpecification","valueRequired":true,"valueName":"search_term_string"}}],"inLanguage":"fr-FR"},{"@type":"Organization","@id":"https:\/\/www.eyesee-drone.com\/fr\/#organization","name":"EYESEE","url":"https:\/\/www.eyesee-drone.com\/fr\/","logo":{"@type":"ImageObject","inLanguage":"fr-FR","@id":"https:\/\/www.eyesee-drone.com\/fr\/#\/schema\/logo\/image\/","url":"https:\/\/www.eyesee-drone.com\/wp-content\/uploads\/2021\/07\/logo-eyesee-warehouse-drone.webp","contentUrl":"https:\/\/www.eyesee-drone.com\/wp-content\/uploads\/2021\/07\/logo-eyesee-warehouse-drone.webp","caption":"EYESEE"},"image":{"@id":"https:\/\/www.eyesee-drone.com\/fr\/#\/schema\/logo\/image\/"},"sameAs":["https:\/\/www.linkedin.com\/company\/eyesee-inventory-drone"]},{"@type":"Person","@id":"https:\/\/www.eyesee-drone.com\/fr\/#\/schema\/person\/0a4b5bbad4cb28808857c05afff5741f","name":"nora","image":{"@type":"ImageObject","inLanguage":"fr-FR","@id":"https:\/\/www.eyesee-drone.com\/fr\/#\/schema\/person\/image\/","url":"https:\/\/secure.gravatar.com\/avatar\/b93629aab997ea77067398934327301da505f275b2a765e39bb7563ef12e3d3b?s=96&d=mm&r=g","contentUrl":"https:\/\/secure.gravatar.com\/avatar\/b93629aab997ea77067398934327301da505f275b2a765e39bb7563ef12e3d3b?s=96&d=mm&r=g","caption":"nora"},"url":"https:\/\/www.eyesee-drone.com\/fr\/author\/nora\/"}]}},"_links":{"self":[{"href":"https:\/\/www.eyesee-drone.com\/fr\/wp-json\/wp\/v2\/posts\/8598","targetHints":{"allow":["GET"]}}],"collection":[{"href":"https:\/\/www.eyesee-drone.com\/fr\/wp-json\/wp\/v2\/posts"}],"about":[{"href":"https:\/\/www.eyesee-drone.com\/fr\/wp-json\/wp\/v2\/types\/post"}],"author":[{"embeddable":true,"href":"https:\/\/www.eyesee-drone.com\/fr\/wp-json\/wp\/v2\/users\/3"}],"replies":[{"embeddable":true,"href":"https:\/\/www.eyesee-drone.com\/fr\/wp-json\/wp\/v2\/comments?post=8598"}],"version-history":[{"count":39,"href":"https:\/\/www.eyesee-drone.com\/fr\/wp-json\/wp\/v2\/posts\/8598\/revisions"}],"predecessor-version":[{"id":8698,"href":"https:\/\/www.eyesee-drone.com\/fr\/wp-json\/wp\/v2\/posts\/8598\/revisions\/8698"}],"wp:featuredmedia":[{"embeddable":true,"href":"https:\/\/www.eyesee-drone.com\/fr\/wp-json\/wp\/v2\/media\/8603"}],"wp:attachment":[{"href":"https:\/\/www.eyesee-drone.com\/fr\/wp-json\/wp\/v2\/media?parent=8598"}],"wp:term":[{"taxonomy":"category","embeddable":true,"href":"https:\/\/www.eyesee-drone.com\/fr\/wp-json\/wp\/v2\/categories?post=8598"},{"taxonomy":"post_tag","embeddable":true,"href":"https:\/\/www.eyesee-drone.com\/fr\/wp-json\/wp\/v2\/tags?post=8598"},{"taxonomy":"events","embeddable":true,"href":"https:\/\/www.eyesee-drone.com\/fr\/wp-json\/wp\/v2\/events?post=8598"}],"curies":[{"name":"wp","href":"https:\/\/api.w.org\/{rel}","templated":true}]}}