{"id":8560,"date":"2022-11-03T16:03:46","date_gmt":"2022-11-03T15:03:46","guid":{"rendered":"https:\/\/www.eyesee-drone.com\/?p=8560"},"modified":"2023-12-12T11:00:12","modified_gmt":"2023-12-12T10:00:12","slug":"le-drone-inventaire-eyesee-soutenu-par-lagence-de-la-transition-ecologique-ademe","status":"publish","type":"post","link":"https:\/\/www.eyesee-drone.com\/fr\/le-drone-inventaire-eyesee-soutenu-par-lagence-de-la-transition-ecologique-ademe\/","title":{"rendered":"Le drone inventaire EYESEE soutenu par l\u2019Agence de la transition \u00e9cologique (ADEME)"},"content":{"rendered":"\t\t<div data-elementor-type=\"wp-post\" data-elementor-id=\"8560\" class=\"elementor elementor-8560\" data-elementor-post-type=\"post\">\n\t\t\t\t\t\t<section class=\"elementor-section elementor-top-section elementor-element elementor-element-19cce40 elementor-section-boxed elementor-section-height-default elementor-section-height-default\" data-id=\"19cce40\" data-element_type=\"section\" data-e-type=\"section\">\n\t\t\t\t\t\t<div class=\"elementor-container elementor-column-gap-default\">\n\t\t\t\t\t<div class=\"elementor-column elementor-col-100 elementor-top-column elementor-element elementor-element-8a8d8e9\" data-id=\"8a8d8e9\" data-element_type=\"column\" data-e-type=\"column\">\n\t\t\t<div class=\"elementor-widget-wrap elementor-element-populated\">\n\t\t\t\t\t\t<div class=\"elementor-element elementor-element-137d5d0 elementor-widget elementor-widget-text-editor\" data-id=\"137d5d0\" data-element_type=\"widget\" data-e-type=\"widget\" data-widget_type=\"text-editor.default\">\n\t\t\t\t<div class=\"elementor-widget-container\">\n\t\t\t\t\t\t\t\t\t<p><span style=\"vertical-align: inherit;\"><span style=\"vertical-align: inherit;\">Le projet EYESEE est devenu <\/span><\/span><b><span style=\"vertical-align: inherit;\"><span style=\"vertical-align: inherit;\">laur\u00e9at de l&rsquo;appel \u00e0 projet Entreprises Engag\u00e9es pour la Transition Ecologique<\/span><\/span><\/b><span style=\"vertical-align: inherit;\"><span style=\"vertical-align: inherit;\"> et a \u00e9t\u00e9 soutenu par l&rsquo;ADEME.<\/span><\/span><\/p>\t\t\t\t\t\t\t\t<\/div>\n\t\t\t\t<\/div>\n\t\t\t\t\t<\/div>\n\t\t<\/div>\n\t\t\t\t\t<\/div>\n\t\t<\/section>\n\t\t\t\t<section class=\"elementor-section elementor-top-section elementor-element elementor-element-858d2e0 elementor-section-boxed elementor-section-height-default elementor-section-height-default\" data-id=\"858d2e0\" data-element_type=\"section\" data-e-type=\"section\">\n\t\t\t\t\t\t<div class=\"elementor-container elementor-column-gap-default\">\n\t\t\t\t\t<div class=\"elementor-column elementor-col-50 elementor-top-column elementor-element elementor-element-96048a2\" data-id=\"96048a2\" data-element_type=\"column\" data-e-type=\"column\">\n\t\t\t<div class=\"elementor-widget-wrap elementor-element-populated\">\n\t\t\t\t\t\t<div class=\"elementor-element elementor-element-6f15b1e elementor-widget elementor-widget-text-editor\" data-id=\"6f15b1e\" data-element_type=\"widget\" data-e-type=\"widget\" data-widget_type=\"text-editor.default\">\n\t\t\t\t<div class=\"elementor-widget-container\">\n\t\t\t\t\t\t\t\t\t<p><span style=\"vertical-align: inherit;\"><span style=\"vertical-align: inherit;\"><a href=\"https:\/\/www.ademe.fr\/\" target=\"_blank\" rel=\"noopener\">L&rsquo;ADEME (Agence De l&rsquo;Environnement et de la Maitrise de l&rsquo;Energie)<\/a> est une agence experte qui rel\u00e8ve les d\u00e9fis de la <\/span><\/span><strong><span style=\"vertical-align: inherit;\"><span style=\"vertical-align: inherit;\">transition \u00e9cologique<\/span><\/span><\/strong><span style=\"vertical-align: inherit;\"><span style=\"vertical-align: inherit;\"> , afin de construire des futurs d\u00e9sirables dans un <\/span><\/span><strong><span style=\"vertical-align: inherit;\"><span style=\"vertical-align: inherit;\">monde bas-carbone.<\/span><\/span><\/strong><\/p>\t\t\t\t\t\t\t\t<\/div>\n\t\t\t\t<\/div>\n\t\t\t\t\t<\/div>\n\t\t<\/div>\n\t\t\t\t<div class=\"elementor-column elementor-col-50 elementor-top-column elementor-element elementor-element-8288e12\" data-id=\"8288e12\" data-element_type=\"column\" data-e-type=\"column\">\n\t\t\t<div class=\"elementor-widget-wrap elementor-element-populated\">\n\t\t\t\t\t\t<div class=\"elementor-element elementor-element-f931034 elementor-widget elementor-widget-image\" data-id=\"f931034\" data-element_type=\"widget\" data-e-type=\"widget\" data-widget_type=\"image.default\">\n\t\t\t\t<div class=\"elementor-widget-container\">\n\t\t\t\t\t\t\t\t\t\t\t\t\t\t\t<img fetchpriority=\"high\" decoding=\"async\" width=\"1024\" height=\"503\" src=\"https:\/\/www.eyesee-drone.com\/wp-content\/uploads\/2022\/11\/Logo_ADEME.svg-1024x503.png\" class=\"attachment-large size-large wp-image-9019\" alt=\"drone inventaire\" srcset=\"https:\/\/www.eyesee-drone.com\/wp-content\/uploads\/2022\/11\/Logo_ADEME.svg-1024x503.png 1024w, https:\/\/www.eyesee-drone.com\/wp-content\/uploads\/2022\/11\/Logo_ADEME.svg-300x148.png 300w, https:\/\/www.eyesee-drone.com\/wp-content\/uploads\/2022\/11\/Logo_ADEME.svg-768x378.png 768w, https:\/\/www.eyesee-drone.com\/wp-content\/uploads\/2022\/11\/Logo_ADEME.svg.png 1200w\" sizes=\"(max-width: 1024px) 100vw, 1024px\" \/>\t\t\t\t\t\t\t\t\t\t\t\t\t\t\t<\/div>\n\t\t\t\t<\/div>\n\t\t\t\t\t<\/div>\n\t\t<\/div>\n\t\t\t\t\t<\/div>\n\t\t<\/section>\n\t\t\t\t<section class=\"elementor-section elementor-top-section elementor-element elementor-element-e4dae78 elementor-section-boxed elementor-section-height-default elementor-section-height-default\" data-id=\"e4dae78\" data-element_type=\"section\" data-e-type=\"section\">\n\t\t\t\t\t\t<div class=\"elementor-container elementor-column-gap-default\">\n\t\t\t\t\t<div class=\"elementor-column elementor-col-100 elementor-top-column elementor-element elementor-element-26c67ed\" data-id=\"26c67ed\" data-element_type=\"column\" data-e-type=\"column\">\n\t\t\t<div class=\"elementor-widget-wrap elementor-element-populated\">\n\t\t\t\t\t\t<div class=\"elementor-element elementor-element-2d20f71 elementor-widget elementor-widget-text-editor\" data-id=\"2d20f71\" data-element_type=\"widget\" data-e-type=\"widget\" data-widget_type=\"text-editor.default\">\n\t\t\t\t<div class=\"elementor-widget-container\">\n\t\t\t\t\t\t\t\t\t<p><span style=\"vertical-align: inherit;\"><span style=\"vertical-align: inherit;\"><span style=\"vertical-align: inherit;\"><span style=\"vertical-align: inherit;\">EYESEE a ainsi particip\u00e9 \u00e0 cet appel \u00e0 projet en pr\u00e9sentant <\/span><\/span><span style=\"vertical-align: inherit;\"><span style=\"vertical-align: inherit;\">la solution <\/span><\/span><span style=\"vertical-align: inherit;\"><span style=\"vertical-align: inherit;\">d<\/span><\/span><a href=\"https:\/\/www.eyesee-drone.com\/fr\/inventaire-par-drone\/\" target=\"_blank\" rel=\"noopener\"><span style=\"vertical-align: inherit;\"><span style=\"vertical-align: inherit;\">&lsquo;inventaire par drone<\/span><\/span><\/a><span style=\"vertical-align: inherit;\"><span style=\"vertical-align: inherit;\"> automatique et ses b\u00e9n\u00e9fices en termes de r\u00e9duction des externalit\u00e9s n\u00e9gatives g\u00e9n\u00e9r\u00e9es par la tenue d&rsquo;inventaires manuels en palettiers. <\/span><\/span><\/span><span style=\"vertical-align: inherit;\"><span style=\"vertical-align: inherit;\"><span style=\"vertical-align: inherit;\">En effet, la solution d&rsquo;inventaire par drone pour entrep\u00f4ts logistiques r\u00e9duit ainsi <strong>l&rsquo;impact environnemental<\/strong> des activit\u00e9s de stockage tout en apportant des <strong>b\u00e9n\u00e9fices \u00e9conomiques<\/strong>. <\/span><\/span><\/span><span style=\"vertical-align: inherit;\"><span style=\"vertical-align: inherit;\"><span style=\"vertical-align: inherit;\">Des \u00e9tudes approfondies sont en train d&rsquo;\u00eatre acc\u00e9l\u00e9r\u00e9es pour quantifier pr\u00e9cis\u00e9ment les diff\u00e9rences.<\/span><\/span><\/span><\/span><\/p>\n<p><span style=\"vertical-align: inherit;\"><span style=\"vertical-align: inherit;\"><span style=\"vertical-align: inherit;\"><span style=\"vertical-align: inherit;\">L&rsquo;inventaire mobilise beaucoup de ressources et un impact n\u00e9gatif sur l&rsquo;environnement. <\/span><\/span><\/span><span style=\"vertical-align: inherit;\"><span style=\"vertical-align: inherit;\"><span style=\"vertical-align: inherit;\">Le processus manuel standard, c&rsquo;est-\u00e0-dire \u00e0 l&rsquo;aide de nacelles et de scannettes, est une activit\u00e9 \u00e0 faible valeur ajout\u00e9e, qui pose des probl\u00e8mes de s\u00e9curit\u00e9 (travail en hauteur), de qualit\u00e9 et de fiabilit\u00e9 dues aux erreurs humaines. <\/span><\/span><\/span><span style=\"vertical-align: inherit;\"><span style=\"vertical-align: inherit;\"><span style=\"vertical-align: inherit;\">Il exige d&rsquo;acheminer sur site des nacelles (souvent en location, parfois contr\u00f4l\u00e9s en interne) et cela a un impact environnemental \u00e9lev\u00e9 dus au transport de ces nacelles par camion (de 2 \u00e0 4 tonnes par nacelle).<\/span><\/span><\/span><\/span><\/p>\t\t\t\t\t\t\t\t<\/div>\n\t\t\t\t<\/div>\n\t\t\t\t\t<\/div>\n\t\t<\/div>\n\t\t\t\t\t<\/div>\n\t\t<\/section>\n\t\t\t\t<section class=\"elementor-section elementor-top-section elementor-element elementor-element-4e3fa9d elementor-section-boxed elementor-section-height-default elementor-section-height-default\" data-id=\"4e3fa9d\" data-element_type=\"section\" data-e-type=\"section\">\n\t\t\t\t\t\t<div class=\"elementor-container elementor-column-gap-default\">\n\t\t\t\t\t<div class=\"elementor-column elementor-col-33 elementor-top-column elementor-element elementor-element-1427f5d\" data-id=\"1427f5d\" data-element_type=\"column\" data-e-type=\"column\">\n\t\t\t<div class=\"elementor-widget-wrap elementor-element-populated\">\n\t\t\t\t\t\t<div class=\"elementor-element elementor-element-df44711 elementor-widget elementor-widget-image\" data-id=\"df44711\" data-element_type=\"widget\" data-e-type=\"widget\" data-widget_type=\"image.default\">\n\t\t\t\t<div class=\"elementor-widget-container\">\n\t\t\t\t\t\t\t\t\t\t\t\t\t\t\t<img decoding=\"async\" width=\"300\" height=\"222\" src=\"https:\/\/www.eyesee-drone.com\/wp-content\/uploads\/2022\/10\/scissors-lift-operator.png\" class=\"attachment-large size-large wp-image-8577\" alt=\"manual inventory\" \/>\t\t\t\t\t\t\t\t\t\t\t\t\t\t\t<\/div>\n\t\t\t\t<\/div>\n\t\t\t\t\t<\/div>\n\t\t<\/div>\n\t\t\t\t<div class=\"elementor-column elementor-col-33 elementor-top-column elementor-element elementor-element-cf019f2\" data-id=\"cf019f2\" data-element_type=\"column\" data-e-type=\"column\">\n\t\t\t<div class=\"elementor-widget-wrap elementor-element-populated\">\n\t\t\t\t\t\t<div class=\"elementor-element elementor-element-df589c2 elementor-widget elementor-widget-heading\" data-id=\"df589c2\" data-element_type=\"widget\" data-e-type=\"widget\" data-widget_type=\"heading.default\">\n\t\t\t\t<div class=\"elementor-widget-container\">\n\t\t\t\t\t<h2 class=\"elementor-heading-title elementor-size-default\">VS<\/h2>\t\t\t\t<\/div>\n\t\t\t\t<\/div>\n\t\t\t\t\t<\/div>\n\t\t<\/div>\n\t\t\t\t<div class=\"elementor-column elementor-col-33 elementor-top-column elementor-element elementor-element-f08c665\" data-id=\"f08c665\" data-element_type=\"column\" data-e-type=\"column\">\n\t\t\t<div class=\"elementor-widget-wrap elementor-element-populated\">\n\t\t\t\t\t\t<div class=\"elementor-element elementor-element-5e246d5 elementor-widget elementor-widget-image\" data-id=\"5e246d5\" data-element_type=\"widget\" data-e-type=\"widget\" data-widget_type=\"image.default\">\n\t\t\t\t<div class=\"elementor-widget-container\">\n\t\t\t\t\t\t\t\t\t\t\t\t\t\t\t<img decoding=\"async\" width=\"181\" height=\"139\" src=\"https:\/\/www.eyesee-drone.com\/wp-content\/uploads\/2022\/10\/Capture-decran-2022-10-18-135546-e1666094360753.png\" class=\"attachment-large size-large wp-image-8607\" alt=\"Icone Drone\" \/>\t\t\t\t\t\t\t\t\t\t\t\t\t\t\t<\/div>\n\t\t\t\t<\/div>\n\t\t\t\t\t<\/div>\n\t\t<\/div>\n\t\t\t\t\t<\/div>\n\t\t<\/section>\n\t\t\t\t<section class=\"elementor-section elementor-top-section elementor-element elementor-element-873e3e8 elementor-section-boxed elementor-section-height-default elementor-section-height-default\" data-id=\"873e3e8\" data-element_type=\"section\" data-e-type=\"section\">\n\t\t\t\t\t\t<div class=\"elementor-container elementor-column-gap-default\">\n\t\t\t\t\t<div class=\"elementor-column elementor-col-100 elementor-top-column elementor-element elementor-element-dec2e4a\" data-id=\"dec2e4a\" data-element_type=\"column\" data-e-type=\"column\">\n\t\t\t<div class=\"elementor-widget-wrap elementor-element-populated\">\n\t\t\t\t\t\t<div class=\"elementor-element elementor-element-f04b960 elementor-widget elementor-widget-text-editor\" data-id=\"f04b960\" data-element_type=\"widget\" data-e-type=\"widget\" data-widget_type=\"text-editor.default\">\n\t\t\t\t<div class=\"elementor-widget-container\">\n\t\t\t\t\t\t\t\t\t<p><span style=\"vertical-align: inherit;\"><span style=\"vertical-align: inherit;\"><span style=\"vertical-align: inherit;\"><span style=\"vertical-align: inherit;\"><a href=\"https:\/\/www.eyesee-drone.com\/fr\/inventaire-par-robot\/\" target=\"_blank\" rel=\"noopener\">L&rsquo;inventaire par robot<\/a> permet donc de <\/span><\/span><strong><span style=\"vertical-align: inherit;\"><span style=\"vertical-align: inherit;\">supprimer l&rsquo;usage et le transport par camion<\/span><\/span><\/strong><span style=\"vertical-align: inherit;\"><span style=\"vertical-align: inherit;\"> des nacelles pour les activit\u00e9s d&rsquo;inventaire en utilisant un drone pour faire la collecte des donn\u00e9es. <\/span><\/span><\/span><span style=\"vertical-align: inherit;\"><span style=\"vertical-align: inherit;\"><span style=\"vertical-align: inherit;\">De plus, la consommation d&rsquo;\u00e9nergie par emplacement visit\u00e9e est 10 fois moins importante avec un drone en comparaison avec une nacelle.<\/span><\/span><\/span><\/span><\/p>\n<p><em><span style=\"vertical-align: inherit;\"><span style=\"vertical-align: inherit;\"><span style=\"vertical-align: inherit;\"><span style=\"vertical-align: inherit;\">Pour ces raisons et plusieurs autres <\/span><\/span><\/span><\/span><\/em><em><span style=\"vertical-align: inherit;\"><span style=\"vertical-align: inherit;\"><span style=\"vertical-align: inherit;\"><span style=\"vertical-align: inherit;\">, EYESEE<\/span><\/span><\/span><\/span><\/em><span style=\"vertical-align: inherit;\"><span style=\"vertical-align: inherit;\"><span style=\"vertical-align: inherit;\"><span style=\"vertical-align: inherit;\"> est laur\u00e9ate de l&rsquo;appel \u00e0 projet EETE qui consiste \u00e0 soutenir la diffusion \u00e0 l&rsquo;international des progr\u00e8s apport\u00e9s par cette m\u00e9thode moderne et \u00e9conome de r\u00e9aliser ses inventaires en palette.<\/span><\/span><\/span><\/span><\/p>\t\t\t\t\t\t\t\t<\/div>\n\t\t\t\t<\/div>\n\t\t\t\t\t<\/div>\n\t\t<\/div>\n\t\t\t\t\t<\/div>\n\t\t<\/section>\n\t\t\t\t<\/div>\n\t\t","protected":false},"excerpt":{"rendered":"<p>Le projet EYESEE est devenu laur\u00e9at de l&rsquo;appel \u00e0 projet Entreprises Engag\u00e9es pour la Transition Ecologique et a \u00e9t\u00e9 soutenu par l&rsquo;ADEME. L&rsquo;ADEME (Agence De l&rsquo;Environnement et de la Maitrise de l&rsquo;Energie) est une agence experte qui rel\u00e8ve les d\u00e9fis de la transition \u00e9cologique , afin de construire des futurs d\u00e9sirables dans un monde bas-carbone. [&hellip;]<\/p>\n","protected":false},"author":3,"featured_media":8569,"comment_status":"closed","ping_status":"closed","sticky":false,"template":"","format":"standard","meta":{"_acf_changed":false,"_eb_attr":"","content-type":"","footnotes":""},"categories":[],"tags":[],"events":[],"class_list":["post-8560","post","type-post","status-publish","format-standard","has-post-thumbnail","hentry"],"acf":[],"yoast_head":"<!-- This site is optimized with the Yoast SEO plugin v27.0 - https:\/\/yoast.com\/product\/yoast-seo-wordpress\/ -->\n<title>Le drone inventaire EYESEE soutenu par l&#039;ADEME<\/title>\n<meta name=\"description\" content=\"Le drone inventaire EYESEE est devenu laur\u00e9at de l\u2019appel \u00e0 projet Entreprises Engag\u00e9es pour la Transition Ecologique.\" \/>\n<meta name=\"robots\" content=\"index, follow, max-snippet:-1, max-image-preview:large, max-video-preview:-1\" \/>\n<link rel=\"canonical\" href=\"https:\/\/www.eyesee-drone.com\/fr\/le-drone-inventaire-eyesee-soutenu-par-lagence-de-la-transition-ecologique-ademe\/\" \/>\n<meta property=\"og:locale\" content=\"fr_FR\" \/>\n<meta property=\"og:type\" content=\"article\" \/>\n<meta property=\"og:title\" content=\"Le drone inventaire EYESEE soutenu par l&#039;ADEME\" \/>\n<meta property=\"og:description\" content=\"Le drone inventaire EYESEE est devenu laur\u00e9at de l\u2019appel \u00e0 projet Entreprises Engag\u00e9es pour la Transition Ecologique.\" \/>\n<meta property=\"og:url\" content=\"https:\/\/www.eyesee-drone.com\/fr\/le-drone-inventaire-eyesee-soutenu-par-lagence-de-la-transition-ecologique-ademe\/\" \/>\n<meta property=\"og:site_name\" content=\"EYESEE\" \/>\n<meta property=\"article:published_time\" content=\"2022-11-03T15:03:46+00:00\" \/>\n<meta property=\"article:modified_time\" content=\"2023-12-12T10:00:12+00:00\" \/>\n<meta property=\"og:image\" content=\"https:\/\/www.eyesee-drone.com\/wp-content\/uploads\/2022\/10\/photo-output-e1666092630436.jpg\" \/>\n\t<meta property=\"og:image:width\" content=\"2048\" \/>\n\t<meta property=\"og:image:height\" content=\"1003\" \/>\n\t<meta property=\"og:image:type\" content=\"image\/jpeg\" \/>\n<meta name=\"author\" content=\"nora\" \/>\n<meta name=\"twitter:card\" content=\"summary_large_image\" \/>\n<meta name=\"twitter:label1\" content=\"\u00c9crit par\" \/>\n\t<meta name=\"twitter:data1\" content=\"nora\" \/>\n\t<meta name=\"twitter:label2\" content=\"Dur\u00e9e de lecture estim\u00e9e\" \/>\n\t<meta name=\"twitter:data2\" content=\"2 minutes\" \/>\n<script type=\"application\/ld+json\" class=\"yoast-schema-graph\">{\"@context\":\"https:\/\/schema.org\",\"@graph\":[{\"@type\":\"Article\",\"@id\":\"https:\/\/www.eyesee-drone.com\/fr\/le-drone-inventaire-eyesee-soutenu-par-lagence-de-la-transition-ecologique-ademe\/#article\",\"isPartOf\":{\"@id\":\"https:\/\/www.eyesee-drone.com\/fr\/le-drone-inventaire-eyesee-soutenu-par-lagence-de-la-transition-ecologique-ademe\/\"},\"author\":{\"name\":\"nora\",\"@id\":\"https:\/\/www.eyesee-drone.com\/fr\/#\/schema\/person\/0a4b5bbad4cb28808857c05afff5741f\"},\"headline\":\"Le drone inventaire EYESEE soutenu par l\u2019Agence de la transition \u00e9cologique (ADEME)\",\"datePublished\":\"2022-11-03T15:03:46+00:00\",\"dateModified\":\"2023-12-12T10:00:12+00:00\",\"mainEntityOfPage\":{\"@id\":\"https:\/\/www.eyesee-drone.com\/fr\/le-drone-inventaire-eyesee-soutenu-par-lagence-de-la-transition-ecologique-ademe\/\"},\"wordCount\":341,\"publisher\":{\"@id\":\"https:\/\/www.eyesee-drone.com\/fr\/#organization\"},\"image\":{\"@id\":\"https:\/\/www.eyesee-drone.com\/fr\/le-drone-inventaire-eyesee-soutenu-par-lagence-de-la-transition-ecologique-ademe\/#primaryimage\"},\"thumbnailUrl\":\"https:\/\/www.eyesee-drone.com\/wp-content\/uploads\/2022\/10\/photo-output-e1666092630436.jpg\",\"inLanguage\":\"fr-FR\"},{\"@type\":\"WebPage\",\"@id\":\"https:\/\/www.eyesee-drone.com\/fr\/le-drone-inventaire-eyesee-soutenu-par-lagence-de-la-transition-ecologique-ademe\/\",\"url\":\"https:\/\/www.eyesee-drone.com\/fr\/le-drone-inventaire-eyesee-soutenu-par-lagence-de-la-transition-ecologique-ademe\/\",\"name\":\"Le drone inventaire EYESEE soutenu par l'ADEME\",\"isPartOf\":{\"@id\":\"https:\/\/www.eyesee-drone.com\/fr\/#website\"},\"primaryImageOfPage\":{\"@id\":\"https:\/\/www.eyesee-drone.com\/fr\/le-drone-inventaire-eyesee-soutenu-par-lagence-de-la-transition-ecologique-ademe\/#primaryimage\"},\"image\":{\"@id\":\"https:\/\/www.eyesee-drone.com\/fr\/le-drone-inventaire-eyesee-soutenu-par-lagence-de-la-transition-ecologique-ademe\/#primaryimage\"},\"thumbnailUrl\":\"https:\/\/www.eyesee-drone.com\/wp-content\/uploads\/2022\/10\/photo-output-e1666092630436.jpg\",\"datePublished\":\"2022-11-03T15:03:46+00:00\",\"dateModified\":\"2023-12-12T10:00:12+00:00\",\"description\":\"Le drone inventaire EYESEE est devenu laur\u00e9at de l\u2019appel \u00e0 projet Entreprises Engag\u00e9es pour la Transition Ecologique.\",\"breadcrumb\":{\"@id\":\"https:\/\/www.eyesee-drone.com\/fr\/le-drone-inventaire-eyesee-soutenu-par-lagence-de-la-transition-ecologique-ademe\/#breadcrumb\"},\"inLanguage\":\"fr-FR\",\"potentialAction\":[{\"@type\":\"ReadAction\",\"target\":[\"https:\/\/www.eyesee-drone.com\/fr\/le-drone-inventaire-eyesee-soutenu-par-lagence-de-la-transition-ecologique-ademe\/\"]}]},{\"@type\":\"ImageObject\",\"inLanguage\":\"fr-FR\",\"@id\":\"https:\/\/www.eyesee-drone.com\/fr\/le-drone-inventaire-eyesee-soutenu-par-lagence-de-la-transition-ecologique-ademe\/#primaryimage\",\"url\":\"https:\/\/www.eyesee-drone.com\/wp-content\/uploads\/2022\/10\/photo-output-e1666092630436.jpg\",\"contentUrl\":\"https:\/\/www.eyesee-drone.com\/wp-content\/uploads\/2022\/10\/photo-output-e1666092630436.jpg\",\"width\":2048,\"height\":1003,\"caption\":\"EYESEE Drone for warehouses\"},{\"@type\":\"BreadcrumbList\",\"@id\":\"https:\/\/www.eyesee-drone.com\/fr\/le-drone-inventaire-eyesee-soutenu-par-lagence-de-la-transition-ecologique-ademe\/#breadcrumb\",\"itemListElement\":[{\"@type\":\"ListItem\",\"position\":1,\"name\":\"Home\",\"item\":\"https:\/\/www.eyesee-drone.com\/fr\/\"},{\"@type\":\"ListItem\",\"position\":2,\"name\":\"Le drone inventaire EYESEE soutenu par l\u2019Agence de la transition \u00e9cologique (ADEME)\"}]},{\"@type\":\"WebSite\",\"@id\":\"https:\/\/www.eyesee-drone.com\/fr\/#website\",\"url\":\"https:\/\/www.eyesee-drone.com\/fr\/\",\"name\":\"EYESEE\",\"description\":\"Drone Solution for cycle count and wall-to-wall inventory\",\"publisher\":{\"@id\":\"https:\/\/www.eyesee-drone.com\/fr\/#organization\"},\"alternateName\":\"EYESEE Drone inventory solution for cycle counting and wall-to-wall inventory\",\"potentialAction\":[{\"@type\":\"SearchAction\",\"target\":{\"@type\":\"EntryPoint\",\"urlTemplate\":\"https:\/\/www.eyesee-drone.com\/fr\/?s={search_term_string}\"},\"query-input\":{\"@type\":\"PropertyValueSpecification\",\"valueRequired\":true,\"valueName\":\"search_term_string\"}}],\"inLanguage\":\"fr-FR\"},{\"@type\":\"Organization\",\"@id\":\"https:\/\/www.eyesee-drone.com\/fr\/#organization\",\"name\":\"EYESEE\",\"url\":\"https:\/\/www.eyesee-drone.com\/fr\/\",\"logo\":{\"@type\":\"ImageObject\",\"inLanguage\":\"fr-FR\",\"@id\":\"https:\/\/www.eyesee-drone.com\/fr\/#\/schema\/logo\/image\/\",\"url\":\"https:\/\/www.eyesee-drone.com\/wp-content\/uploads\/2021\/07\/logo-eyesee-warehouse-drone.webp\",\"contentUrl\":\"https:\/\/www.eyesee-drone.com\/wp-content\/uploads\/2021\/07\/logo-eyesee-warehouse-drone.webp\",\"caption\":\"EYESEE\"},\"image\":{\"@id\":\"https:\/\/www.eyesee-drone.com\/fr\/#\/schema\/logo\/image\/\"},\"sameAs\":[\"https:\/\/www.linkedin.com\/company\/eyesee-inventory-drone\"]},{\"@type\":\"Person\",\"@id\":\"https:\/\/www.eyesee-drone.com\/fr\/#\/schema\/person\/0a4b5bbad4cb28808857c05afff5741f\",\"name\":\"nora\",\"image\":{\"@type\":\"ImageObject\",\"inLanguage\":\"fr-FR\",\"@id\":\"https:\/\/www.eyesee-drone.com\/fr\/#\/schema\/person\/image\/\",\"url\":\"https:\/\/secure.gravatar.com\/avatar\/b93629aab997ea77067398934327301da505f275b2a765e39bb7563ef12e3d3b?s=96&d=mm&r=g\",\"contentUrl\":\"https:\/\/secure.gravatar.com\/avatar\/b93629aab997ea77067398934327301da505f275b2a765e39bb7563ef12e3d3b?s=96&d=mm&r=g\",\"caption\":\"nora\"},\"url\":\"https:\/\/www.eyesee-drone.com\/fr\/author\/nora\/\"}]}<\/script>\n<!-- \/ Yoast SEO plugin. -->","yoast_head_json":{"title":"Le drone inventaire EYESEE soutenu par l'ADEME","description":"Le drone inventaire EYESEE est devenu laur\u00e9at de l\u2019appel \u00e0 projet Entreprises Engag\u00e9es pour la Transition Ecologique.","robots":{"index":"index","follow":"follow","max-snippet":"max-snippet:-1","max-image-preview":"max-image-preview:large","max-video-preview":"max-video-preview:-1"},"canonical":"https:\/\/www.eyesee-drone.com\/fr\/le-drone-inventaire-eyesee-soutenu-par-lagence-de-la-transition-ecologique-ademe\/","og_locale":"fr_FR","og_type":"article","og_title":"Le drone inventaire EYESEE soutenu par l'ADEME","og_description":"Le drone inventaire EYESEE est devenu laur\u00e9at de l\u2019appel \u00e0 projet Entreprises Engag\u00e9es pour la Transition Ecologique.","og_url":"https:\/\/www.eyesee-drone.com\/fr\/le-drone-inventaire-eyesee-soutenu-par-lagence-de-la-transition-ecologique-ademe\/","og_site_name":"EYESEE","article_published_time":"2022-11-03T15:03:46+00:00","article_modified_time":"2023-12-12T10:00:12+00:00","og_image":[{"width":2048,"height":1003,"url":"https:\/\/www.eyesee-drone.com\/wp-content\/uploads\/2022\/10\/photo-output-e1666092630436.jpg","type":"image\/jpeg"}],"author":"nora","twitter_card":"summary_large_image","twitter_misc":{"\u00c9crit par":"nora","Dur\u00e9e de lecture estim\u00e9e":"2 minutes"},"schema":{"@context":"https:\/\/schema.org","@graph":[{"@type":"Article","@id":"https:\/\/www.eyesee-drone.com\/fr\/le-drone-inventaire-eyesee-soutenu-par-lagence-de-la-transition-ecologique-ademe\/#article","isPartOf":{"@id":"https:\/\/www.eyesee-drone.com\/fr\/le-drone-inventaire-eyesee-soutenu-par-lagence-de-la-transition-ecologique-ademe\/"},"author":{"name":"nora","@id":"https:\/\/www.eyesee-drone.com\/fr\/#\/schema\/person\/0a4b5bbad4cb28808857c05afff5741f"},"headline":"Le drone inventaire EYESEE soutenu par l\u2019Agence de la transition \u00e9cologique (ADEME)","datePublished":"2022-11-03T15:03:46+00:00","dateModified":"2023-12-12T10:00:12+00:00","mainEntityOfPage":{"@id":"https:\/\/www.eyesee-drone.com\/fr\/le-drone-inventaire-eyesee-soutenu-par-lagence-de-la-transition-ecologique-ademe\/"},"wordCount":341,"publisher":{"@id":"https:\/\/www.eyesee-drone.com\/fr\/#organization"},"image":{"@id":"https:\/\/www.eyesee-drone.com\/fr\/le-drone-inventaire-eyesee-soutenu-par-lagence-de-la-transition-ecologique-ademe\/#primaryimage"},"thumbnailUrl":"https:\/\/www.eyesee-drone.com\/wp-content\/uploads\/2022\/10\/photo-output-e1666092630436.jpg","inLanguage":"fr-FR"},{"@type":"WebPage","@id":"https:\/\/www.eyesee-drone.com\/fr\/le-drone-inventaire-eyesee-soutenu-par-lagence-de-la-transition-ecologique-ademe\/","url":"https:\/\/www.eyesee-drone.com\/fr\/le-drone-inventaire-eyesee-soutenu-par-lagence-de-la-transition-ecologique-ademe\/","name":"Le drone inventaire EYESEE soutenu par l'ADEME","isPartOf":{"@id":"https:\/\/www.eyesee-drone.com\/fr\/#website"},"primaryImageOfPage":{"@id":"https:\/\/www.eyesee-drone.com\/fr\/le-drone-inventaire-eyesee-soutenu-par-lagence-de-la-transition-ecologique-ademe\/#primaryimage"},"image":{"@id":"https:\/\/www.eyesee-drone.com\/fr\/le-drone-inventaire-eyesee-soutenu-par-lagence-de-la-transition-ecologique-ademe\/#primaryimage"},"thumbnailUrl":"https:\/\/www.eyesee-drone.com\/wp-content\/uploads\/2022\/10\/photo-output-e1666092630436.jpg","datePublished":"2022-11-03T15:03:46+00:00","dateModified":"2023-12-12T10:00:12+00:00","description":"Le drone inventaire EYESEE est devenu laur\u00e9at de l\u2019appel \u00e0 projet Entreprises Engag\u00e9es pour la Transition Ecologique.","breadcrumb":{"@id":"https:\/\/www.eyesee-drone.com\/fr\/le-drone-inventaire-eyesee-soutenu-par-lagence-de-la-transition-ecologique-ademe\/#breadcrumb"},"inLanguage":"fr-FR","potentialAction":[{"@type":"ReadAction","target":["https:\/\/www.eyesee-drone.com\/fr\/le-drone-inventaire-eyesee-soutenu-par-lagence-de-la-transition-ecologique-ademe\/"]}]},{"@type":"ImageObject","inLanguage":"fr-FR","@id":"https:\/\/www.eyesee-drone.com\/fr\/le-drone-inventaire-eyesee-soutenu-par-lagence-de-la-transition-ecologique-ademe\/#primaryimage","url":"https:\/\/www.eyesee-drone.com\/wp-content\/uploads\/2022\/10\/photo-output-e1666092630436.jpg","contentUrl":"https:\/\/www.eyesee-drone.com\/wp-content\/uploads\/2022\/10\/photo-output-e1666092630436.jpg","width":2048,"height":1003,"caption":"EYESEE Drone for warehouses"},{"@type":"BreadcrumbList","@id":"https:\/\/www.eyesee-drone.com\/fr\/le-drone-inventaire-eyesee-soutenu-par-lagence-de-la-transition-ecologique-ademe\/#breadcrumb","itemListElement":[{"@type":"ListItem","position":1,"name":"Home","item":"https:\/\/www.eyesee-drone.com\/fr\/"},{"@type":"ListItem","position":2,"name":"Le drone inventaire EYESEE soutenu par l\u2019Agence de la transition \u00e9cologique (ADEME)"}]},{"@type":"WebSite","@id":"https:\/\/www.eyesee-drone.com\/fr\/#website","url":"https:\/\/www.eyesee-drone.com\/fr\/","name":"EYESEE","description":"Drone Solution for cycle count and wall-to-wall inventory","publisher":{"@id":"https:\/\/www.eyesee-drone.com\/fr\/#organization"},"alternateName":"EYESEE Drone inventory solution for cycle counting and wall-to-wall inventory","potentialAction":[{"@type":"SearchAction","target":{"@type":"EntryPoint","urlTemplate":"https:\/\/www.eyesee-drone.com\/fr\/?s={search_term_string}"},"query-input":{"@type":"PropertyValueSpecification","valueRequired":true,"valueName":"search_term_string"}}],"inLanguage":"fr-FR"},{"@type":"Organization","@id":"https:\/\/www.eyesee-drone.com\/fr\/#organization","name":"EYESEE","url":"https:\/\/www.eyesee-drone.com\/fr\/","logo":{"@type":"ImageObject","inLanguage":"fr-FR","@id":"https:\/\/www.eyesee-drone.com\/fr\/#\/schema\/logo\/image\/","url":"https:\/\/www.eyesee-drone.com\/wp-content\/uploads\/2021\/07\/logo-eyesee-warehouse-drone.webp","contentUrl":"https:\/\/www.eyesee-drone.com\/wp-content\/uploads\/2021\/07\/logo-eyesee-warehouse-drone.webp","caption":"EYESEE"},"image":{"@id":"https:\/\/www.eyesee-drone.com\/fr\/#\/schema\/logo\/image\/"},"sameAs":["https:\/\/www.linkedin.com\/company\/eyesee-inventory-drone"]},{"@type":"Person","@id":"https:\/\/www.eyesee-drone.com\/fr\/#\/schema\/person\/0a4b5bbad4cb28808857c05afff5741f","name":"nora","image":{"@type":"ImageObject","inLanguage":"fr-FR","@id":"https:\/\/www.eyesee-drone.com\/fr\/#\/schema\/person\/image\/","url":"https:\/\/secure.gravatar.com\/avatar\/b93629aab997ea77067398934327301da505f275b2a765e39bb7563ef12e3d3b?s=96&d=mm&r=g","contentUrl":"https:\/\/secure.gravatar.com\/avatar\/b93629aab997ea77067398934327301da505f275b2a765e39bb7563ef12e3d3b?s=96&d=mm&r=g","caption":"nora"},"url":"https:\/\/www.eyesee-drone.com\/fr\/author\/nora\/"}]}},"_links":{"self":[{"href":"https:\/\/www.eyesee-drone.com\/fr\/wp-json\/wp\/v2\/posts\/8560","targetHints":{"allow":["GET"]}}],"collection":[{"href":"https:\/\/www.eyesee-drone.com\/fr\/wp-json\/wp\/v2\/posts"}],"about":[{"href":"https:\/\/www.eyesee-drone.com\/fr\/wp-json\/wp\/v2\/types\/post"}],"author":[{"embeddable":true,"href":"https:\/\/www.eyesee-drone.com\/fr\/wp-json\/wp\/v2\/users\/3"}],"replies":[{"embeddable":true,"href":"https:\/\/www.eyesee-drone.com\/fr\/wp-json\/wp\/v2\/comments?post=8560"}],"version-history":[{"count":85,"href":"https:\/\/www.eyesee-drone.com\/fr\/wp-json\/wp\/v2\/posts\/8560\/revisions"}],"predecessor-version":[{"id":10885,"href":"https:\/\/www.eyesee-drone.com\/fr\/wp-json\/wp\/v2\/posts\/8560\/revisions\/10885"}],"wp:featuredmedia":[{"embeddable":true,"href":"https:\/\/www.eyesee-drone.com\/fr\/wp-json\/wp\/v2\/media\/8569"}],"wp:attachment":[{"href":"https:\/\/www.eyesee-drone.com\/fr\/wp-json\/wp\/v2\/media?parent=8560"}],"wp:term":[{"taxonomy":"category","embeddable":true,"href":"https:\/\/www.eyesee-drone.com\/fr\/wp-json\/wp\/v2\/categories?post=8560"},{"taxonomy":"post_tag","embeddable":true,"href":"https:\/\/www.eyesee-drone.com\/fr\/wp-json\/wp\/v2\/tags?post=8560"},{"taxonomy":"events","embeddable":true,"href":"https:\/\/www.eyesee-drone.com\/fr\/wp-json\/wp\/v2\/events?post=8560"}],"curies":[{"name":"wp","href":"https:\/\/api.w.org\/{rel}","templated":true}]}}